{"id":192406,"date":"2019-08-10T09:46:29","date_gmt":"2019-08-10T06:46:29","guid":{"rendered":"http:\/\/www.tvturk.com\/index.php\/ankara-itfaiyesinden-tatil-ve-bayram-uyarisi\/"},"modified":"2019-08-10T09:46:29","modified_gmt":"2019-08-10T06:46:29","slug":"ankara-itfaiyesinden-tatil-ve-bayram-uyarisi","status":"publish","type":"post","link":"http:\/\/www.tvturk.com\/index.php\/ankara-itfaiyesinden-tatil-ve-bayram-uyarisi\/","title":{"rendered":"Ankara \u0130tfaiyesi\u2019nden tatil ve bayram uyar\u0131s\u0131"},"content":{"rendered":"<p>Ankara B\u00fcy\u00fck\u015fehir Belediyesi \u0130tfaiye Daire Ba\u015fkan\u0131 Salih Kurumlu, tatil sezonunun a\u00e7\u0131lmas\u0131yla birlikte sahil kentlerine gitmeyi planlayan Ba\u015fkentlilere, \u201cG\u00f6z\u00fcn\u00fcz arkada kalmas\u0131n, tatiliniz kabusa d\u00f6nmesin. Evlerinizde herhangi bir olumsuz durumla kar\u015f\u0131la\u015fmamak i\u00e7in t\u00fcm \u00f6nlemleri almadan yola \u00e7\u0131kmay\u0131n\u201d uyar\u0131s\u0131nda bulundu.<\/p>\n<p>Ba\u015fkentlilerden, tatile gitmeden \u00f6nce yang\u0131n ve su bask\u0131nlar\u0131na neden olabilecek unsurlara kar\u015f\u0131 gerekli \u00f6nlemleri almalar\u0131n\u0131 isteyen Kurumlu, \u00f6zellikle prizde elektrikli cihazlar\u0131n b\u0131rak\u0131lmamas\u0131 gerekti\u011fini s\u00f6yledi.<\/p>\n<p>Basit \u00f6nlemlere dikkat<\/p>\n<p>Hem yaz tatili hem de Kurban Bayram\u0131 gibi uzun tatil d\u00f6nemlerinde ev ve i\u015f yerlerinden ayr\u0131lan Ba\u015fkentlilere \u00f6nemli uyar\u0131larda bulunan Kurumlu, ya\u015fanan yang\u0131nlar\u0131n en \u00f6nemli nedenin, ihmal ve tedbirsizlik oldu\u011funa dikkat \u00e7ekti.<\/p>\n<p>Vatanda\u015flar\u0131n tatile gitmesiyle birlikte, bo\u015f kalan konutlarda \u00e7o\u011funlukla yang\u0131n gibi olumsuzluklar\u0131n ya\u015fand\u0131\u011f\u0131na ve bunun da \u00e7ok basit \u00f6nlemlerle \u00f6n\u00fcne ge\u00e7ilebilece\u011fini vurgulayan Kurumlu, \u201cAl\u0131nacak basit \u00f6nlemler, \u00e7o\u011fu zaman yang\u0131n tehlikesini t\u00fcm\u00fcyle ortadan kald\u0131r\u0131r. Bazen de \u00e7\u0131kabilecek bir yang\u0131n\u0131n, en az zararla atlat\u0131lmas\u0131na yard\u0131mc\u0131 olur\u201d dedi.<\/p>\n<p>\u201c\u00d6ncelikle elektrikli aletleri prizden \u00e7\u0131kart\u0131n\u201d<\/p>\n<p>Yaz aylar\u0131nda \u00f6zellikle konutlarda ya\u015fanan yang\u0131nlarda, tatile \u00e7\u0131kan vatanda\u015flar\u0131n ihmalinin b\u00fcy\u00fck rol\u00fc oldu\u011funu ifade eden \u0130tfaiye Daire Ba\u015fkan\u0131 Salih Kurumlu, tatile \u00e7\u0131kanlar\u0131n evlerinde kulland\u0131klar\u0131 t\u00fcm elektrikli aletleri prizden \u00e7\u0131kartmalar\u0131, elektrik ak\u0131m\u0131n\u0131 \u015falterden kesmeleri gerekti\u011fine dikkat \u00e7ekti.<\/p>\n<p>Tatile \u00e7\u0131karken ayr\u0131ca do\u011falgaz ve t\u00fcp gaz kaynaklar\u0131n\u0131 da ana vanalar\u0131ndan kapatmalar\u0131n\u0131n, can ve mal g\u00fcvenli\u011fi a\u00e7\u0131s\u0131ndan \u00f6nemli oldu\u011funa vurgu yapan Kurumlu, gaz ka\u00e7a\u011f\u0131yla birikecek gaz\u0131n meydana getirece\u011fi patlaman\u0131n, tehlikeli sonu\u00e7lara neden olabilece\u011fini belirterek, \u015fu bilgileri verdi:<\/p>\n<p>\u201cTatile giden vatanda\u015flar\u0131n evlerinde ya\u015fanan di\u011fer bir olumsuz durum da su bask\u0131nlar\u0131 oluyor. Bu nedenle tatile giden vatanda\u015flar\u0131m\u0131z\u0131n arkalar\u0131nda a\u00e7\u0131k ve ar\u0131zal\u0131 musluk b\u0131rakmamalar\u0131, suyu da ana vanadan kapatmalar\u0131n\u0131n en g\u00fcvenli \u00f6nlem oldu\u011funu s\u00f6yl\u00fcyoruz.\u201d<\/p>\n<p>\u201cYang\u0131n s\u00f6nd\u00fcrme t\u00fcp\u00fcn\u00fc ihmal etmeyin\u201d<\/p>\n<p>Yang\u0131na ilk m\u00fcdahalenin \u00f6nemini de hat\u0131rlatan Kurumlu; konut, i\u015f yeri ve motorlu ara\u00e7larda mutlaka standartlara uygun yang\u0131n s\u00f6nd\u00fcrme t\u00fcp\u00fc bulundurulmas\u0131 gerekti\u011fine de vurgu yaparak, \u201cTatile kendi ara\u00e7lar\u0131yla \u00e7\u0131kan vatanda\u015flar\u0131m\u0131z, ara\u00e7lar\u0131nda kesinlikle 2 kilograml\u0131k kimyasal tozlu yang\u0131n s\u00f6nd\u00fcrme cihaz\u0131 bulundurmas\u0131 gerekiyor. Standart nitelikte bir cihaz\u0131n uygun ko\u015fullarda muhafazas\u0131yla 2 y\u0131ll\u0131k kullan\u0131m \u00f6mr\u00fc bulunuyor\u201d diye konu\u015ftu.<\/p>\n","protected":false},"excerpt":{"rendered":"<p>ANKARA B\u00dcY\u00dcK\u015eEH\u0130R BELED\u0130YES\u0130 \u0130TFA\u0130YE DA\u0130RE BA\u015eKANI SAL\u0130H KURUMLU, TAT\u0130L SEZONUNUN A\u00c7ILMASIYLA B\u0130RL\u0130KTE SAH\u0130L KENTLER\u0130NE G\u0130TMEY\u0130 PLANLAYAN BA\u015eKENTL\u0130LERE, \u201cG\u00d6Z\u00dcN\u00dcZ ARKADA KALMASIN, TAT\u0130L\u0130N\u0130Z KABUSA D\u00d6NMES\u0130N. EVLER\u0130N\u0130ZDE HERHANG\u0130 B\u0130R OLUMSUZ DURUMLA KAR\u015eILA\u015eMAMAK \u0130\u00c7\u0130N T\u00dcM \u00d6NLEMLER\u0130 ALMADAN YOLA \u00c7IKMAYIN\u201d UYARISINDA BULUNDU.<\/p>\n","protected":false},"author":1,"featured_media":192407,"comment_status":"closed","ping_status":"open","sticky":false,"template":"","format":"standard","meta":{"jetpack_post_was_ever_published":false,"_jetpack_newsletter_access":"","_jetpack_dont_email_post_to_subs":false,"_jetpack_newsletter_tier_id":0,"_jetpack_memberships_contains_paywalled_content":false,"_jetpack_memberships_contains_paid_content":false,"footnotes":"","jetpack_publicize_message":"","jetpack_publicize_feature_enabled":true,"jetpack_social_post_already_shared":true,"jetpack_social_options":{"image_generator_settings":{"template":"highway","default_image_id":0,"font":"","enabled":false},"version":2}},"categories":[1],"tags":[1475,23995,60,3575,914],"class_list":["post-192406","post","type-post","status-publish","format-standard","has-post-thumbnail","hentry","category-genel","tag-ankara","tag-bayram","tag-itfaiyesinden","tag-tatil","tag-uyarisi"],"jetpack_publicize_connections":[],"jetpack_featured_media_url":"https:\/\/i0.wp.com\/www.tvturk.com\/wp-content\/uploads\/2019\/08\/ankara-itfaiyesinden-tatil-ve-bayram-uyarisi_bfa379f.jpg?fit=1000%2C666","jetpack_sharing_enabled":true,"jetpack_shortlink":"https:\/\/wp.me\/paKIfm-O3k","_links":{"self":[{"href":"http:\/\/www.tvturk.com\/index.php\/wp-json\/wp\/v2\/posts\/192406","targetHints":{"allow":["GET"]}}],"collection":[{"href":"http:\/\/www.tvturk.com\/index.php\/wp-json\/wp\/v2\/posts"}],"about":[{"href":"http:\/\/www.tvturk.com\/index.php\/wp-json\/wp\/v2\/types\/post"}],"author":[{"embeddable":true,"href":"http:\/\/www.tvturk.com\/index.php\/wp-json\/wp\/v2\/users\/1"}],"replies":[{"embeddable":true,"href":"http:\/\/www.tvturk.com\/index.php\/wp-json\/wp\/v2\/comments?post=192406"}],"version-history":[{"count":0,"href":"http:\/\/www.tvturk.com\/index.php\/wp-json\/wp\/v2\/posts\/192406\/revisions"}],"wp:featuredmedia":[{"embeddable":true,"href":"http:\/\/www.tvturk.com\/index.php\/wp-json\/wp\/v2\/media\/192407"}],"wp:attachment":[{"href":"http:\/\/www.tvturk.com\/index.php\/wp-json\/wp\/v2\/media?parent=192406"}],"wp:term":[{"taxonomy":"category","embeddable":true,"href":"http:\/\/www.tvturk.com\/index.php\/wp-json\/wp\/v2\/categories?post=192406"},{"taxonomy":"post_tag","embeddable":true,"href":"http:\/\/www.tvturk.com\/index.php\/wp-json\/wp\/v2\/tags?post=192406"}],"curies":[{"name":"wp","href":"https:\/\/api.w.org\/{rel}","templated":true}]}}