{"id":192408,"date":"2019-08-10T09:46:34","date_gmt":"2019-08-10T06:46:34","guid":{"rendered":"http:\/\/www.tvturk.com\/index.php\/deriner-baraji-dolulukta-yuzde-yuz-seviyeye-ulasti-asirlik-koy-yeniden-sular-altinda-kaldi\/"},"modified":"2019-08-10T09:46:34","modified_gmt":"2019-08-10T06:46:34","slug":"deriner-baraji-dolulukta-yuzde-yuz-seviyeye-ulasti-asirlik-koy-yeniden-sular-altinda-kaldi","status":"publish","type":"post","link":"http:\/\/www.tvturk.com\/index.php\/deriner-baraji-dolulukta-yuzde-yuz-seviyeye-ulasti-asirlik-koy-yeniden-sular-altinda-kaldi\/","title":{"rendered":"Deriner Baraj\u0131 dolulukta y\u00fczde y\u00fcz seviyeye ula\u015ft\u0131, as\u0131rl\u0131k k\u00f6y yeniden sular alt\u0131nda kald\u0131"},"content":{"rendered":"<p>Artvin\u2019de \u00c7oruh Nehri \u00fczerine kurulan Deriner Baraj\u0131 y\u00fczde y\u00fcze doluluk seviyesine ula\u015f\u0131nca as\u0131rl\u0131k k\u00f6y yeniden sular alt\u0131nda kald\u0131.<\/p>\n<p>Artvin\u2019de bulunan \u00c7oruh Nehri \u00fczerinde, 249 metre g\u00f6vde y\u00fcksekli\u011fiyle T\u00fcrkiye\u2019nin en y\u00fcksek baraj\u0131 olma \u00f6zelli\u011fine sahip Deriner Baraj\u0131 y\u00fczde y\u00fcz doluluk seviyesine ula\u015ft\u0131. K\u0131\u015f aylar\u0131nda sular\u0131n \u00e7ekilmesiyle Baraj g\u00f6l\u00fc nedeniyle daha \u00f6nce su alt\u0131nda kalan Narl\u0131k k\u00f6y\u00fcn\u00fcn eski yerle\u015fim yeri yeniden su y\u00fczeyine \u00e7\u0131km\u0131\u015ft\u0131. Bir d\u00f6nem nahiye olan k\u00f6yde askeriye, ilkokul, orta, okul sa\u011fl\u0131k oca\u011f\u0131 bulunuyor. Bunun yan\u0131 s\u0131ra tar\u0131m arazileriyle, b\u00f6lgenin en kalabal\u0131k k\u00f6yleri aras\u0131nda yer al\u0131yordu. Sular \u00e7ekilmesiyle as\u0131rl\u0131k k\u00f6yden cami, okul ve evlerin g\u00f6r\u00fcn\u00fcr hale gelmi\u015fti. Son d\u00f6nemde y\u00fczde y\u00fcz doluluk seviyesine ula\u015fan Deriner Baraj\u0131 nedeniyle y\u00fckselen baraj sular\u0131 as\u0131rl\u0131k Narl\u0131k k\u00f6y\u00fcn\u00fc yeniden sular alt\u0131nda b\u0131rakt\u0131.<\/p>\n","protected":false},"excerpt":{"rendered":"<p>ARTV\u0130N&#8217;DE \u00c7ORUH NEHR\u0130 \u00dcZER\u0130NE KURULAN DER\u0130NER BARAJI Y\u00dcZDE Y\u00dcZE DOLULUK SEV\u0130YES\u0130NE ULA\u015eINCA ASIRLIK K\u00d6Y YEN\u0130DEN SULAR ALTINDA KALDI.<\/p>\n","protected":false},"author":1,"featured_media":192409,"comment_status":"closed","ping_status":"open","sticky":false,"template":"","format":"standard","meta":{"jetpack_post_was_ever_published":false,"_jetpack_newsletter_access":"","_jetpack_dont_email_post_to_subs":false,"_jetpack_newsletter_tier_id":0,"_jetpack_memberships_contains_paywalled_content":false,"_jetpack_memberships_contains_paid_content":false,"footnotes":"","jetpack_publicize_message":"","jetpack_publicize_feature_enabled":true,"jetpack_social_post_already_shared":true,"jetpack_social_options":{"image_generator_settings":{"template":"highway","default_image_id":0,"font":"","enabled":false},"version":2}},"categories":[1],"tags":[3114,3115,5673,48187,48188,1853,1703,10320,8534,2574,720,9097,3480],"class_list":["post-192408","post","type-post","status-publish","format-standard","has-post-thumbnail","hentry","category-genel","tag-altinda","tag-asirlik","tag-baraji","tag-deriner","tag-dolulukta","tag-kaldi","tag-koy","tag-seviyeye","tag-sular","tag-ulasti","tag-yeniden","tag-yuz","tag-yuzde"],"jetpack_publicize_connections":[],"jetpack_featured_media_url":"https:\/\/i0.wp.com\/www.tvturk.com\/wp-content\/uploads\/2019\/08\/deriner-baraji-dolulukta-yuzde-yuz-seviyeye-ulasti-asirlik-koy-yeniden-sular-altinda-kaldi_f571e25.jpg?fit=1000%2C666","jetpack_sharing_enabled":true,"jetpack_shortlink":"https:\/\/wp.me\/paKIfm-O3m","_links":{"self":[{"href":"http:\/\/www.tvturk.com\/index.php\/wp-json\/wp\/v2\/posts\/192408","targetHints":{"allow":["GET"]}}],"collection":[{"href":"http:\/\/www.tvturk.com\/index.php\/wp-json\/wp\/v2\/posts"}],"about":[{"href":"http:\/\/www.tvturk.com\/index.php\/wp-json\/wp\/v2\/types\/post"}],"author":[{"embeddable":true,"href":"http:\/\/www.tvturk.com\/index.php\/wp-json\/wp\/v2\/users\/1"}],"replies":[{"embeddable":true,"href":"http:\/\/www.tvturk.com\/index.php\/wp-json\/wp\/v2\/comments?post=192408"}],"version-history":[{"count":0,"href":"http:\/\/www.tvturk.com\/index.php\/wp-json\/wp\/v2\/posts\/192408\/revisions"}],"wp:featuredmedia":[{"embeddable":true,"href":"http:\/\/www.tvturk.com\/index.php\/wp-json\/wp\/v2\/media\/192409"}],"wp:attachment":[{"href":"http:\/\/www.tvturk.com\/index.php\/wp-json\/wp\/v2\/media?parent=192408"}],"wp:term":[{"taxonomy":"category","embeddable":true,"href":"http:\/\/www.tvturk.com\/index.php\/wp-json\/wp\/v2\/categories?post=192408"},{"taxonomy":"post_tag","embeddable":true,"href":"http:\/\/www.tvturk.com\/index.php\/wp-json\/wp\/v2\/tags?post=192408"}],"curies":[{"name":"wp","href":"https:\/\/api.w.org\/{rel}","templated":true}]}}