{"id":192418,"date":"2019-08-10T10:01:42","date_gmt":"2019-08-10T07:01:42","guid":{"rendered":"http:\/\/www.tvturk.com\/index.php\/adem-beytussebapta-kadinlar-icin-ekmek-kapisi-oldu\/"},"modified":"2019-08-10T10:01:42","modified_gmt":"2019-08-10T07:01:42","slug":"adem-beytussebapta-kadinlar-icin-ekmek-kapisi-oldu","status":"publish","type":"post","link":"http:\/\/www.tvturk.com\/index.php\/adem-beytussebapta-kadinlar-icin-ekmek-kapisi-oldu\/","title":{"rendered":"ADEM Beyt\u00fc\u015f\u015febap\u2019ta kad\u0131nlar i\u00e7in ekmek kap\u0131s\u0131 oldu"},"content":{"rendered":"<p>\u015e\u0131rnak\u2019\u0131n Beyt\u00fc\u015f\u015febap il\u00e7esinde a\u00e7\u0131lan Aile Destek Merkezi (ADEM), y\u00fczlerce gen\u00e7 k\u0131z i\u00e7in ekmek kap\u0131s\u0131 oldu. Kimi k\u0131zlar \u00e7eyizini haz\u0131rlarken kimisi de yapt\u0131\u011f\u0131 \u00fcr\u00fcnleri satarak aile ge\u00e7imine katk\u0131da bulunuyor.<\/p>\n<p>Beyt\u00fc\u015f\u015febap il\u00e7esinde Aile \u00c7al\u0131\u015fma ve Sosyal Hizmetler Bakanl\u0131\u011f\u0131 b\u00fcnyesinde Beyt\u00fc\u015f\u015febap Kaymakaml\u0131\u011f\u0131n\u0131n da destekleriyle a\u00e7\u0131lan ADEM, y\u00fczlerce gen\u00e7 k\u0131z i\u00e7in ekmek kap\u0131s\u0131 oldu. \u00c7eyizini yapmak isteyen k\u0131zlar burada usta \u00f6\u011freticiler sayesinde diki\u015f nak\u0131\u015f kursunda \u00e7al\u0131\u015f\u0131p kendi \u00e7eyizlerini yapmaya \u00e7al\u0131\u015f\u0131rken, baz\u0131 \u00fcr\u00fcnler de y\u0131l sonu yap\u0131lan sergilerde tan\u0131t\u0131larak sat\u0131\u015fa \u00e7\u0131kar\u0131l\u0131yor. Beyt\u00fc\u015f\u015febap Kaymakaml\u0131\u011f\u0131 kursiyerlerin ihtiya\u00e7lar\u0131n\u0131 kar\u015f\u0131layarak kendi \u00e7eyizlerini yapmalar\u0131 konusunda destek veriyor. Yar\u0131s\u0131n\u0131 \u00e7eyize ay\u0131ran kursiyerler yar\u0131s\u0131n\u0131 da satarak kurum i\u00e7in para topluyor.<\/p>\n<p>Merkezlerinde 50\u2019ye yak\u0131n kursiyerin oldu\u011funu belirten ADEM Koordinat\u00f6r\u00fc Sevilay Ataman, verdikleri hizmet nedeni ile \u00e7ok mutlu olduklar\u0131n\u0131 s\u00f6yledi. Ataman, \u2019\u2019Kurumumuzda bayanlara y\u00f6nelik bir \u00e7al\u0131\u015fma var. Burada \u00e7ok g\u00fczel bir ortamda \u00e7al\u0131\u015f\u0131yoruz. \u0130l\u00e7emiz malumunuz sosyal aktivite olmad\u0131\u011f\u0131ndan kad\u0131nlar\u0131m\u0131za destekler geliyor, bu desteklerle \u00e7al\u0131\u015fmalar\u0131m\u0131z\u0131 y\u00fcr\u00fct\u00fcyoruz. Gen\u00e7 k\u0131zlar \u00e7eyizlerini burada yap\u0131yor\u2019\u2019 dedi.<\/p>\n<p>E\u011fitmen Nazmiye Ataman ise, gen\u00e7 k\u0131zlar\u0131n kurumlar\u0131nda \u00e7eyizlerini yapt\u0131\u011f\u0131n\u0131 ve malzeme deste\u011fi beklediklerini s\u00f6yledi.<\/p>\n","protected":false},"excerpt":{"rendered":"<p>BEYT\u00dc\u015e\u015eEBAP\u2019TA A\u00c7ILAN A\u0130LE DESTEK E\u011e\u0130T\u0130M MERKEZ\u0130 ADEM Y\u00dcZLERCE GEN\u00c7 KIZ \u0130\u00c7\u0130N EKMEK KAPISI OLDU. K\u0130M\u0130 \u00c7EY\u0130Z\u0130N\u0130 HAZIRLIYOR K\u0130M\u0130S\u0130DE YAPTI\u011eI \u00dcR\u00dcNLER\u0130 SATARAK A\u0130LE GE\u00c7\u0130M\u0130NE KATKIDA BULUNUYOR.<\/p>\n","protected":false},"author":1,"featured_media":192419,"comment_status":"closed","ping_status":"open","sticky":false,"template":"","format":"standard","meta":{"jetpack_post_was_ever_published":false,"_jetpack_newsletter_access":"","_jetpack_dont_email_post_to_subs":false,"_jetpack_newsletter_tier_id":0,"_jetpack_memberships_contains_paywalled_content":false,"_jetpack_memberships_contains_paid_content":false,"footnotes":"","jetpack_publicize_message":"","jetpack_publicize_feature_enabled":true,"jetpack_social_post_already_shared":true,"jetpack_social_options":{"image_generator_settings":{"template":"highway","default_image_id":0,"font":"","enabled":false},"version":2}},"categories":[1],"tags":[750,5756,4635,44,3104,2035,77],"class_list":["post-192418","post","type-post","status-publish","format-standard","has-post-thumbnail","hentry","category-genel","tag-adem","tag-beytussebapta","tag-ekmek","tag-icin","tag-kadinlar","tag-kapisi","tag-oldu"],"jetpack_publicize_connections":[],"jetpack_featured_media_url":"https:\/\/i0.wp.com\/www.tvturk.com\/wp-content\/uploads\/2019\/08\/adem-beytussebapta-kadinlar-icin-ekmek-kapisi-oldu_d4d76fe.jpg?fit=1000%2C662","jetpack_sharing_enabled":true,"jetpack_shortlink":"https:\/\/wp.me\/paKIfm-O3w","_links":{"self":[{"href":"http:\/\/www.tvturk.com\/index.php\/wp-json\/wp\/v2\/posts\/192418","targetHints":{"allow":["GET"]}}],"collection":[{"href":"http:\/\/www.tvturk.com\/index.php\/wp-json\/wp\/v2\/posts"}],"about":[{"href":"http:\/\/www.tvturk.com\/index.php\/wp-json\/wp\/v2\/types\/post"}],"author":[{"embeddable":true,"href":"http:\/\/www.tvturk.com\/index.php\/wp-json\/wp\/v2\/users\/1"}],"replies":[{"embeddable":true,"href":"http:\/\/www.tvturk.com\/index.php\/wp-json\/wp\/v2\/comments?post=192418"}],"version-history":[{"count":0,"href":"http:\/\/www.tvturk.com\/index.php\/wp-json\/wp\/v2\/posts\/192418\/revisions"}],"wp:featuredmedia":[{"embeddable":true,"href":"http:\/\/www.tvturk.com\/index.php\/wp-json\/wp\/v2\/media\/192419"}],"wp:attachment":[{"href":"http:\/\/www.tvturk.com\/index.php\/wp-json\/wp\/v2\/media?parent=192418"}],"wp:term":[{"taxonomy":"category","embeddable":true,"href":"http:\/\/www.tvturk.com\/index.php\/wp-json\/wp\/v2\/categories?post=192418"},{"taxonomy":"post_tag","embeddable":true,"href":"http:\/\/www.tvturk.com\/index.php\/wp-json\/wp\/v2\/tags?post=192418"}],"curies":[{"name":"wp","href":"https:\/\/api.w.org\/{rel}","templated":true}]}}