{"id":192428,"date":"2019-08-10T10:16:09","date_gmt":"2019-08-10T07:16:09","guid":{"rendered":"http:\/\/www.tvturk.com\/index.php\/kirgizistan-eski-cumhurbaskani-atambayevin-gozalti-fotografi\/"},"modified":"2019-08-10T10:16:09","modified_gmt":"2019-08-10T07:16:09","slug":"kirgizistan-eski-cumhurbaskani-atambayevin-gozalti-fotografi","status":"publish","type":"post","link":"http:\/\/www.tvturk.com\/index.php\/kirgizistan-eski-cumhurbaskani-atambayevin-gozalti-fotografi\/","title":{"rendered":"K\u0131rg\u0131zistan eski Cumhurba\u015fkan\u0131 Atambayev\u2019in g\u00f6zalt\u0131 foto\u011fraf\u0131"},"content":{"rendered":"<p>Hakk\u0131nda yolsuzluk su\u00e7lamalar\u0131 nedeniyle g\u00f6zalt\u0131na al\u0131nan ve ard\u0131ndan mahkeme tarihine kadar tutuklanan K\u0131rg\u0131zistan\u2019\u0131n eski Cumhurba\u015fkan\u0131 Almazbek Atambayev\u2019in g\u00f6zalt\u0131 foto\u011fraf\u0131 yay\u0131nland\u0131.<\/p>\n<p>Hakk\u0131nda \u00e7\u0131kan yolsuzluk su\u00e7lamalar\u0131 nedeniyle ifade vermeye \u00e7a\u011f\u0131r\u0131ld\u0131\u011f\u0131 halde gitmeyen ve bunun \u00fczerine tutuklanan K\u0131rg\u0131zistan\u2019\u0131n eski Cumhurba\u015fkan\u0131 Almazbek Atambayev\u2019in g\u00f6zalt\u0131 foto\u011fraf\u0131 yay\u0131nland\u0131. Eski cumhurba\u015fkan\u0131n\u0131n g\u00f6zalt\u0131na al\u0131nmas\u0131, son 3 g\u00fcnd\u00fcr \u00fclkede en \u00e7ok konu\u015fulan konu haline gelirken konuyla ilgili tart\u0131\u015fmalar hala devam ediyor. 20 Haziran\u2019da K\u0131rg\u0131zistan Parlamentosu\u2019nda yap\u0131lan oylama ile dokunulmazl\u0131\u011f\u0131 kald\u0131r\u0131lan ve ifade vermesi talep edilen eski Cumhurba\u015fkan\u0131 Atambayev, sorguyu ger\u00e7ekle\u015ftirecek olan K\u0131rg\u0131zistan \u0130\u00e7i\u015fleri Bakanl\u0131\u011f\u0131\u2019n\u0131n bu \u00e7a\u011fr\u0131s\u0131na olumsuz cevap verince polis taraf\u0131ndan evine bask\u0131n yap\u0131lm\u0131\u015ft\u0131. Destek\u00e7ilerinin polise teslim etmek istemedi\u011fi Atambayev, 1 g\u00fcn s\u00fcren \u00e7at\u0131\u015fmalar\u0131n ard\u0131ndan g\u00f6zalt\u0131na al\u0131nm\u0131\u015ft\u0131. Ya\u015fanan olaylarda 1 polis hayat\u0131n\u0131 kaybederken 56 ki\u015fi de yaralanm\u0131\u015ft\u0131.<\/p>\n<p>G\u00f6zalt\u0131na al\u0131nd\u0131ktan sonra mahkemeye sevkedilen Atambayev\u2019in ilk duru\u015fma tarihine kadar tutuklanmas\u0131na karar verildi. Tutuklulu\u011fu 26 A\u011fustos tarihine kadar devam edecek olan ve K\u0131rg\u0131zistan Ulusal G\u00f6zalt\u0131 Merkezi\u2019nde tutulan Atambayev\u2019in g\u00f6zalt\u0131na al\u0131nd\u0131\u011f\u0131 an \u00e7ekilen foto\u011fraf\u0131 sosyal medyaya d\u00fc\u015ft\u00fc.<\/p>\n<p>Atambayev\u2019in K\u0131rg\u0131zistan ve Rus medyas\u0131nda h\u0131zla yay\u0131lan foto\u011fraflara tepki g\u00f6steren yanda\u015flar\u0131, eski Cumhurba\u015fkan\u0131n\u0131n itibars\u0131zla\u015ft\u0131r\u0131lmak amac\u0131yla bunun kas\u0131tl\u0131 yap\u0131lan bir eylem oldu\u011funu savundu. K\u0131rg\u0131zistan resmi makamlar\u0131, foto\u011fraf\u0131n nas\u0131l s\u0131zd\u0131r\u0131ld\u0131\u011f\u0131 ile ilgili soru\u015fturma ba\u015flat\u0131l\u0131p ba\u015flat\u0131lmad\u0131\u011f\u0131na dair herhangi bir a\u00e7\u0131klama yapmad\u0131.<\/p>\n","protected":false},"excerpt":{"rendered":"<p>HAKKINDA YOLSUZLUK SU\u00c7LAMALARI NEDEN\u0130YLE G\u00d6ZALTINA ALINAN VE ARDINDAN MAHKEME TAR\u0130H\u0130NE KADAR TUTUKLANAN KIRGIZ\u0130STAN\u2019IN ESK\u0130 CUMHURBA\u015eKANI ALMAZBEK ATAMBAYEV\u2019\u0130N G\u00d6ZALTI FOTO\u011eRAFI YAYINLANDI.<\/p>\n","protected":false},"author":1,"featured_media":192429,"comment_status":"closed","ping_status":"open","sticky":false,"template":"","format":"standard","meta":{"jetpack_post_was_ever_published":false,"_jetpack_newsletter_access":"","_jetpack_dont_email_post_to_subs":false,"_jetpack_newsletter_tier_id":0,"_jetpack_memberships_contains_paywalled_content":false,"_jetpack_memberships_contains_paid_content":false,"footnotes":"","jetpack_publicize_message":"","jetpack_publicize_feature_enabled":true,"jetpack_social_post_already_shared":true,"jetpack_social_options":{"image_generator_settings":{"template":"highway","default_image_id":0,"font":"","enabled":false},"version":2}},"categories":[10],"tags":[48192,503,1123,6912,3447,9978],"class_list":["post-192428","post","type-post","status-publish","format-standard","has-post-thumbnail","hentry","category-dunya","tag-atambayevin","tag-cumhurbaskani","tag-eski","tag-fotografi","tag-gozalti","tag-kirgizistan"],"jetpack_publicize_connections":[],"jetpack_featured_media_url":"https:\/\/i0.wp.com\/www.tvturk.com\/wp-content\/uploads\/2019\/08\/kirgizistan-eski-cumhurbaskani-atambayevin-gozalti-fotografi_006f03d.jpg?fit=559%2C257","jetpack_sharing_enabled":true,"jetpack_shortlink":"https:\/\/wp.me\/paKIfm-O3G","_links":{"self":[{"href":"http:\/\/www.tvturk.com\/index.php\/wp-json\/wp\/v2\/posts\/192428","targetHints":{"allow":["GET"]}}],"collection":[{"href":"http:\/\/www.tvturk.com\/index.php\/wp-json\/wp\/v2\/posts"}],"about":[{"href":"http:\/\/www.tvturk.com\/index.php\/wp-json\/wp\/v2\/types\/post"}],"author":[{"embeddable":true,"href":"http:\/\/www.tvturk.com\/index.php\/wp-json\/wp\/v2\/users\/1"}],"replies":[{"embeddable":true,"href":"http:\/\/www.tvturk.com\/index.php\/wp-json\/wp\/v2\/comments?post=192428"}],"version-history":[{"count":0,"href":"http:\/\/www.tvturk.com\/index.php\/wp-json\/wp\/v2\/posts\/192428\/revisions"}],"wp:featuredmedia":[{"embeddable":true,"href":"http:\/\/www.tvturk.com\/index.php\/wp-json\/wp\/v2\/media\/192429"}],"wp:attachment":[{"href":"http:\/\/www.tvturk.com\/index.php\/wp-json\/wp\/v2\/media?parent=192428"}],"wp:term":[{"taxonomy":"category","embeddable":true,"href":"http:\/\/www.tvturk.com\/index.php\/wp-json\/wp\/v2\/categories?post=192428"},{"taxonomy":"post_tag","embeddable":true,"href":"http:\/\/www.tvturk.com\/index.php\/wp-json\/wp\/v2\/tags?post=192428"}],"curies":[{"name":"wp","href":"https:\/\/api.w.org\/{rel}","templated":true}]}}