{"id":192436,"date":"2019-08-10T10:16:34","date_gmt":"2019-08-10T07:16:34","guid":{"rendered":"http:\/\/www.tvturk.com\/index.php\/belde-halkindan-bayram-temizligi\/"},"modified":"2019-08-10T10:16:34","modified_gmt":"2019-08-10T07:16:34","slug":"belde-halkindan-bayram-temizligi","status":"publish","type":"post","link":"http:\/\/www.tvturk.com\/index.php\/belde-halkindan-bayram-temizligi\/","title":{"rendered":"Belde halk\u0131ndan bayram temizli\u011fi"},"content":{"rendered":"<p>Erzincan\u2019\u0131n \u00c7a\u011flayan beldesinde vatanda\u015flar belediye ba\u015fkan\u0131yla birlikte \u00e7\u00f6p toplayarak \u00e7evre duyarl\u0131l\u0131\u011f\u0131na davette bulundular.<\/p>\n<p>\u00c7a\u011flayan Belediye Ba\u015fkan\u0131 Haydar \u015eahin, bayram \u00f6ncesi daha temiz bir \u00e7evre i\u00e7in \u00e7evreye at\u0131lan \u00e7\u00f6plerle ilgili beldesinde, halk\u0131n kat\u0131l\u0131m\u0131yla \u00e7\u00f6p toplama etkinli\u011fi ger\u00e7ekle\u015ftirdi. \u00c7a\u011flayan beldesi giri\u015finden ba\u015flayarak \u015felaleye kadar ve mesire alan\u0131nda vatanda\u015flar yakla\u015f\u0131k 30 \u00e7\u00f6p torbas\u0131 \u00e7\u00f6p toplad\u0131lar.<\/p>\n<p>Belediye Ba\u015fkan\u0131 Haydar \u015eahin, bu alanlara gelen misafirlerin \u00e7evreye daha duyarl\u0131 olmalar\u0131n\u0131 istedi.<\/p>\n<p>\u015eelalenin turistik bir yer olmas\u0131ndan dolay\u0131 \u00e7ok fazla ki\u015finin bu b\u00f6lgeyi ziyaret etti\u011fini ifade eden belde sakinleri bundan dolay\u0131 gelen misafirlerin d\u00f6n\u00fc\u015flerinde \u00e7\u00f6pleri yol kenarlar\u0131ndaki \u00e7\u00f6p bidonlar\u0131na b\u0131rakmalar\u0131n\u0131 istedi.<\/p>\n<p>\u00c7\u00f6p toplayan \u00e7evre dostlar\u0131 daha sonra halay \u00e7ekmeyi de ihmal etmediler. Yoldan ge\u00e7en d\u00fc\u011f\u00fcn konvoyunun \u00f6n\u00fcn\u00fc kesen  \u00e7evreciler \u00e7\u00f6p toplamaya 10 dakika ara vererek davul zurna e\u015fli\u011finde halay \u00e7ekti.<\/p>\n","protected":false},"excerpt":{"rendered":"<p>ERZ\u0130NCAN\u2019IN \u00c7A\u011eLAYAN BELDES\u0130NDE VATANDA\u015eLAR BELED\u0130YE BA\u015eKANIYLA B\u0130RL\u0130KTE \u00c7\u00d6P TOPLAYARAK \u00c7EVRE DUYARLILI\u011eINA DAVETTE BULUNDULAR.<\/p>\n","protected":false},"author":1,"featured_media":192437,"comment_status":"closed","ping_status":"open","sticky":false,"template":"","format":"standard","meta":{"jetpack_post_was_ever_published":false,"_jetpack_newsletter_access":"","_jetpack_dont_email_post_to_subs":false,"_jetpack_newsletter_tier_id":0,"_jetpack_memberships_contains_paywalled_content":false,"_jetpack_memberships_contains_paid_content":false,"footnotes":"","jetpack_publicize_message":"","jetpack_publicize_feature_enabled":true,"jetpack_social_post_already_shared":true,"jetpack_social_options":{"image_generator_settings":{"template":"highway","default_image_id":0,"font":"","enabled":false},"version":2}},"categories":[1],"tags":[20234,23995,10561,7452],"class_list":["post-192436","post","type-post","status-publish","format-standard","has-post-thumbnail","hentry","category-genel","tag-belde","tag-bayram","tag-halkindan","tag-temizligi"],"jetpack_publicize_connections":[],"jetpack_featured_media_url":"https:\/\/i0.wp.com\/www.tvturk.com\/wp-content\/uploads\/2019\/08\/belde-halkindan-bayram-temizligi_8d6a2e2.jpg?fit=1000%2C750","jetpack_sharing_enabled":true,"jetpack_shortlink":"https:\/\/wp.me\/paKIfm-O3O","_links":{"self":[{"href":"http:\/\/www.tvturk.com\/index.php\/wp-json\/wp\/v2\/posts\/192436","targetHints":{"allow":["GET"]}}],"collection":[{"href":"http:\/\/www.tvturk.com\/index.php\/wp-json\/wp\/v2\/posts"}],"about":[{"href":"http:\/\/www.tvturk.com\/index.php\/wp-json\/wp\/v2\/types\/post"}],"author":[{"embeddable":true,"href":"http:\/\/www.tvturk.com\/index.php\/wp-json\/wp\/v2\/users\/1"}],"replies":[{"embeddable":true,"href":"http:\/\/www.tvturk.com\/index.php\/wp-json\/wp\/v2\/comments?post=192436"}],"version-history":[{"count":0,"href":"http:\/\/www.tvturk.com\/index.php\/wp-json\/wp\/v2\/posts\/192436\/revisions"}],"wp:featuredmedia":[{"embeddable":true,"href":"http:\/\/www.tvturk.com\/index.php\/wp-json\/wp\/v2\/media\/192437"}],"wp:attachment":[{"href":"http:\/\/www.tvturk.com\/index.php\/wp-json\/wp\/v2\/media?parent=192436"}],"wp:term":[{"taxonomy":"category","embeddable":true,"href":"http:\/\/www.tvturk.com\/index.php\/wp-json\/wp\/v2\/categories?post=192436"},{"taxonomy":"post_tag","embeddable":true,"href":"http:\/\/www.tvturk.com\/index.php\/wp-json\/wp\/v2\/tags?post=192436"}],"curies":[{"name":"wp","href":"https:\/\/api.w.org\/{rel}","templated":true}]}}