{"id":192450,"date":"2019-08-10T11:01:44","date_gmt":"2019-08-10T08:01:44","guid":{"rendered":"http:\/\/www.tvturk.com\/index.php\/trafigin-akici-oldugu-e-5-karayolu-havadan-goruntulendi\/"},"modified":"2019-08-10T11:01:44","modified_gmt":"2019-08-10T08:01:44","slug":"trafigin-akici-oldugu-e-5-karayolu-havadan-goruntulendi","status":"publish","type":"post","link":"http:\/\/www.tvturk.com\/index.php\/trafigin-akici-oldugu-e-5-karayolu-havadan-goruntulendi\/","title":{"rendered":"Trafi\u011fin ak\u0131c\u0131 oldu\u011fu E-5 karayolu havadan g\u00f6r\u00fcnt\u00fclendi"},"content":{"rendered":"<p>Kurban Bayram\u0131ndan dolay\u0131 vatanda\u015flar\u0131n \u0130stanbul\u2019u terk etmesiyle, \u015fehir i\u00e7indeki trafik b\u00fcy\u00fck \u00f6l\u00e7\u00fcde azald\u0131. Bayram arefesi olan Cumartesi sabah\u0131 trafi\u011fin ak\u0131c\u0131 oldu\u011fu E-5 karayolu havadan g\u00f6r\u00fcnt\u00fclendi.<\/p>\n<p>Kurban Bayram\u0131 nedeniyle memleketlerine giden ya da tatile \u00e7\u0131kan vatanda\u015flar \u0130stanbul\u2019u terk etti. Vatanda\u015flar\u0131n \u015fehirden gitmesiyle, bayram arefesi olan Cumartesi g\u00fcn\u00fc trafik yo\u011funlu\u011funda azalma olu\u015ftu. Bayram tatili nedeniyle \u0130stanbul bo\u015fal\u0131rken, \u015fehrin trafi\u011fi rahatlad\u0131. E-5 karayolunda da normalden farkl\u0131 olarak sabah saatlerinde trafi\u011fin ak\u0131c\u0131 oldu\u011fu g\u00f6zlendi. Ara\u00e7 s\u00fcr\u00fcc\u00fcleri, a\u00e7\u0131k olan yollarda rahat\u00e7a seyahat edebildi.<\/p>\n<p>Trafi\u011fin ak\u0131c\u0131 oldu\u011fu E-5 karayolu drone ile havadan g\u00f6r\u00fcnt\u00fclendi.<\/p>\n<p>\u0130stanbul\u2019da trafi\u011fin ak\u0131c\u0131 olmas\u0131yla ilgili konu\u015fan bir vatanda\u015f, \u201c\u0130stanbul trafi\u011fi \u00e7ok g\u00fczel oldu, rahatlad\u0131. Millet hay\u0131rl\u0131s\u0131yla bayram\u0131n\u0131 yaps\u0131n gelsin. Her zaman b\u00f6yle olmuyor, bug\u00fcn \u00e7ok g\u00fczel\u201d dedi.<\/p>\n","protected":false},"excerpt":{"rendered":"<p>KURBAN BAYRAMINDAN DOLAYI VATANDA\u015eLARIN \u0130STANBUL\u2019U TERK ETMES\u0130YLE, \u015eEH\u0130R \u0130\u00c7\u0130NDEK\u0130 TRAF\u0130K B\u00dcY\u00dcK \u00d6L\u00c7\u00dcDE AZALDI. BAYRAM AREFES\u0130 OLAN CUMARTES\u0130 SABAHI TRAF\u0130\u011e\u0130N AKICI OLDU\u011eU E-5 KARAYOLU HAVADAN G\u00d6R\u00dcNT\u00dcLEND\u0130.<\/p>\n","protected":false},"author":1,"featured_media":192451,"comment_status":"closed","ping_status":"open","sticky":false,"template":"","format":"standard","meta":{"jetpack_post_was_ever_published":false,"_jetpack_newsletter_access":"","_jetpack_dont_email_post_to_subs":false,"_jetpack_newsletter_tier_id":0,"_jetpack_memberships_contains_paywalled_content":false,"_jetpack_memberships_contains_paid_content":false,"footnotes":"","jetpack_publicize_message":"","jetpack_publicize_feature_enabled":true,"jetpack_social_post_already_shared":true,"jetpack_social_options":{"image_generator_settings":{"template":"highway","default_image_id":0,"font":"","enabled":false},"version":2}},"categories":[1],"tags":[39363,1046,3388,3387,1532,1974,36366],"class_list":["post-192450","post","type-post","status-publish","format-standard","has-post-thumbnail","hentry","category-genel","tag-akici","tag-e-5","tag-goruntulendi","tag-havadan","tag-karayolu","tag-oldugu","tag-trafigin"],"jetpack_publicize_connections":[],"jetpack_featured_media_url":"https:\/\/i0.wp.com\/www.tvturk.com\/wp-content\/uploads\/2019\/08\/trafigin-akici-oldugu-e-5-karayolu-havadan-goruntulendi_990265c.jpg?fit=1000%2C562","jetpack_sharing_enabled":true,"jetpack_shortlink":"https:\/\/wp.me\/paKIfm-O42","_links":{"self":[{"href":"http:\/\/www.tvturk.com\/index.php\/wp-json\/wp\/v2\/posts\/192450","targetHints":{"allow":["GET"]}}],"collection":[{"href":"http:\/\/www.tvturk.com\/index.php\/wp-json\/wp\/v2\/posts"}],"about":[{"href":"http:\/\/www.tvturk.com\/index.php\/wp-json\/wp\/v2\/types\/post"}],"author":[{"embeddable":true,"href":"http:\/\/www.tvturk.com\/index.php\/wp-json\/wp\/v2\/users\/1"}],"replies":[{"embeddable":true,"href":"http:\/\/www.tvturk.com\/index.php\/wp-json\/wp\/v2\/comments?post=192450"}],"version-history":[{"count":0,"href":"http:\/\/www.tvturk.com\/index.php\/wp-json\/wp\/v2\/posts\/192450\/revisions"}],"wp:featuredmedia":[{"embeddable":true,"href":"http:\/\/www.tvturk.com\/index.php\/wp-json\/wp\/v2\/media\/192451"}],"wp:attachment":[{"href":"http:\/\/www.tvturk.com\/index.php\/wp-json\/wp\/v2\/media?parent=192450"}],"wp:term":[{"taxonomy":"category","embeddable":true,"href":"http:\/\/www.tvturk.com\/index.php\/wp-json\/wp\/v2\/categories?post=192450"},{"taxonomy":"post_tag","embeddable":true,"href":"http:\/\/www.tvturk.com\/index.php\/wp-json\/wp\/v2\/tags?post=192450"}],"curies":[{"name":"wp","href":"https:\/\/api.w.org\/{rel}","templated":true}]}}