{"id":192472,"date":"2019-08-10T11:16:54","date_gmt":"2019-08-10T08:16:54","guid":{"rendered":"http:\/\/www.tvturk.com\/index.php\/alisson-becker-istanbulda-yok\/"},"modified":"2019-08-10T11:16:54","modified_gmt":"2019-08-10T08:16:54","slug":"alisson-becker-istanbulda-yok","status":"publish","type":"post","link":"http:\/\/www.tvturk.com\/index.php\/alisson-becker-istanbulda-yok\/","title":{"rendered":"Alisson Becker, \u0130stanbul\u2019da yok!"},"content":{"rendered":"<p>Liverpool\u2019un Brezilyal\u0131 file bek\u00e7isi Alisson Becker, Premier Lig\u2019in ilk haftas\u0131nda Norwich ile oynanan ma\u00e7ta sakatlanarak oyundan \u00e7\u0131km\u0131\u015ft\u0131. Jurgen Klopp, ba\u015far\u0131l\u0131 kalecinin \u0130stanbul\u2019da oynanacak olan S\u00fcper Kupa\u2019da forma giyemeyece\u011fini a\u00e7\u0131klad\u0131.<\/p>\n<p>Liverpool\u2019a S\u00fcper Kupa ma\u00e7\u0131 \u00f6ncesinde kaleci Alisson Becker\u2019dan k\u00f6t\u00fc haber. Premier Lig\u2019in ilk haftas\u0131nda Liverpool, sahas\u0131nda Norwich\u2019i 4-1 ma\u011flup ederken, Brezilyal\u0131 file bek\u00e7isi Alisson Becker, kar\u015f\u0131la\u015fman\u0131n 36. dakikas\u0131nda kendisini yere b\u0131rak\u0131rken oyuna devam edemedi. Yerini Adrian\u2019a b\u0131rakan Alisson\u2019un, yap\u0131lan tetkikler sonras\u0131nda tak\u0131mdan bir m\u00fcddet uzak kalaca\u011f\u0131 a\u00e7\u0131kland\u0131. 14 A\u011fustos \u00c7ar\u015famba g\u00fcn\u00fc Be\u015fikta\u015f\u2019\u0131n stad\u0131nda Chelsea ile Liverpool aras\u0131nda oynanacak olan UEFA S\u00fcper Kupa\u2019nda y\u0131ld\u0131z kalecinin forma giyemeyece\u011fi \u00f6\u011frenildi. Liverpool Teknik Direkt\u00f6r\u00fc Jurgen Kloop da, Alisson\u2019un S\u00fcper Kupa\u2019da oynamayaca\u011f\u0131n\u0131 a\u00e7\u0131klad\u0131.<\/p>\n","protected":false},"excerpt":{"rendered":"<p>L\u0130VERPOOL&#8217;UN BREZ\u0130LYALI F\u0130LE BEK\u00c7\u0130S\u0130 AL\u0130SSON BECKER, PREM\u0130ER L\u0130G&#8217;\u0130N \u0130LK HAFTASINDA NORW\u0130CH \u0130LE OYNANAN MA\u00c7TA SAKATLANARAK OYUNDAN \u00c7IKMI\u015eTI. JURGEN KLOPP, BA\u015eARILI KALEC\u0130N\u0130N \u0130STANBUL&#8217;DA OYNANACAK OLAN S\u00dcPER KUPA&#8217;DA FORMA G\u0130YEMEYECE\u011e\u0130N\u0130 A\u00c7IKLADI.<\/p>\n","protected":false},"author":1,"featured_media":192473,"comment_status":"closed","ping_status":"open","sticky":false,"template":"","format":"standard","meta":{"jetpack_post_was_ever_published":false,"_jetpack_newsletter_access":"","_jetpack_dont_email_post_to_subs":false,"_jetpack_newsletter_tier_id":0,"_jetpack_memberships_contains_paywalled_content":false,"_jetpack_memberships_contains_paid_content":false,"footnotes":"","jetpack_publicize_message":"","jetpack_publicize_feature_enabled":true,"jetpack_social_post_already_shared":true,"jetpack_social_options":{"image_generator_settings":{"template":"highway","default_image_id":0,"font":"","enabled":false},"version":2}},"categories":[657],"tags":[48200,48201,1268,664],"class_list":["post-192472","post","type-post","status-publish","format-standard","has-post-thumbnail","hentry","category-spor","tag-alisson","tag-becker","tag-istanbulda","tag-yok"],"jetpack_publicize_connections":[],"jetpack_featured_media_url":"https:\/\/i0.wp.com\/www.tvturk.com\/wp-content\/uploads\/2019\/08\/alisson-becker-istanbulda-yok_162b47c.jpg?fit=772%2C1000","jetpack_sharing_enabled":true,"jetpack_shortlink":"https:\/\/wp.me\/paKIfm-O4o","_links":{"self":[{"href":"http:\/\/www.tvturk.com\/index.php\/wp-json\/wp\/v2\/posts\/192472","targetHints":{"allow":["GET"]}}],"collection":[{"href":"http:\/\/www.tvturk.com\/index.php\/wp-json\/wp\/v2\/posts"}],"about":[{"href":"http:\/\/www.tvturk.com\/index.php\/wp-json\/wp\/v2\/types\/post"}],"author":[{"embeddable":true,"href":"http:\/\/www.tvturk.com\/index.php\/wp-json\/wp\/v2\/users\/1"}],"replies":[{"embeddable":true,"href":"http:\/\/www.tvturk.com\/index.php\/wp-json\/wp\/v2\/comments?post=192472"}],"version-history":[{"count":0,"href":"http:\/\/www.tvturk.com\/index.php\/wp-json\/wp\/v2\/posts\/192472\/revisions"}],"wp:featuredmedia":[{"embeddable":true,"href":"http:\/\/www.tvturk.com\/index.php\/wp-json\/wp\/v2\/media\/192473"}],"wp:attachment":[{"href":"http:\/\/www.tvturk.com\/index.php\/wp-json\/wp\/v2\/media?parent=192472"}],"wp:term":[{"taxonomy":"category","embeddable":true,"href":"http:\/\/www.tvturk.com\/index.php\/wp-json\/wp\/v2\/categories?post=192472"},{"taxonomy":"post_tag","embeddable":true,"href":"http:\/\/www.tvturk.com\/index.php\/wp-json\/wp\/v2\/tags?post=192472"}],"curies":[{"name":"wp","href":"https:\/\/api.w.org\/{rel}","templated":true}]}}