{"id":192474,"date":"2019-08-10T11:17:09","date_gmt":"2019-08-10T08:17:09","guid":{"rendered":"http:\/\/www.tvturk.com\/index.php\/ozel-okul-birincisi-ozlemin-hak-arama-mucadelesine-kdk-sahip-cikti\/"},"modified":"2019-08-10T11:17:09","modified_gmt":"2019-08-10T08:17:09","slug":"ozel-okul-birincisi-ozlemin-hak-arama-mucadelesine-kdk-sahip-cikti","status":"publish","type":"post","link":"http:\/\/www.tvturk.com\/index.php\/ozel-okul-birincisi-ozlemin-hak-arama-mucadelesine-kdk-sahip-cikti\/","title":{"rendered":"(\u00d6zel) Okul birincisi \u00d6zlem\u2019in hak arama m\u00fccadelesine KDK sahip \u00e7\u0131kt\u0131"},"content":{"rendered":"<p>\u0130skenderun\u2019da ya\u015fayan \u00d6zlem Nurg\u00f6k, okudu\u011fu lisede birinci olarak mezun oldu. Lise birincileri kontenjan\u0131ndan faydalanarak \u0130T\u00dc Makine M\u00fchendisli\u011fi\u2019nde okumak i\u00e7in tercihini yapt\u0131. Fakat YKS tercih sonu\u00e7lar\u0131n\u0131n a\u00e7\u0131klanmas\u0131yla birlikte h\u00fcsrana u\u011frad\u0131. E-Okul\u2019a birincili\u011finin bildirilmemesi sonucu istemedi\u011fi bir b\u00f6l\u00fcme yerle\u015ftirilen Nurg\u00f6k, hak mahrumiyetinin giderilmesini i\u00e7in Kamu Denet\u00e7ili\u011fi Kurumu\u2019na ba\u015fvurdu.<\/p>\n<p>Hatay \u0130skenderun\u2019da \u00f6zel bir liseden okul birincili\u011fiyle mezun olan \u00d6zlem Nurg\u00f6k, ba\u015far\u0131s\u0131n\u0131n tad\u0131n\u0131 \u00e7\u0131karamadan Ankara\u2019da bulunan Kamu Denet\u00e7ili\u011fi Kurumu\u2019nun (KDK) yolunu tuttu. Okul m\u00fcd\u00fcr\u00fcn\u00fcn E-Okul sistemine birincili\u011fini beyan etmemesi \u00fczerine genel kontenjandan de\u011ferlendirilerek hayalini kurdu\u011fu \u0130stanbul Teknik \u00dcniversitesi (\u0130T\u00dc) Makine M\u00fchendisli\u011fi b\u00f6l\u00fcm\u00fcne yerle\u015femeyen Nurg\u00f6k, \u0130HA\u2019ya ya\u015fad\u0131\u011f\u0131 bu sanc\u0131l\u0131 s\u00fcreci anlatt\u0131.<\/p>\n<p>\u201c\u0130stedi\u011fim okula yerle\u015femedim\u201d<\/p>\n<p>\u00d6l\u00e7me, Se\u00e7me ve Yerle\u015ftirme Merkezi\u2019nin (\u00d6SYM) d\u00fczenledi\u011fi Y\u00fcksek \u00d6\u011fretim Kurumlar\u0131 S\u0131nav\u0131\u2019na (YKS) bu y\u0131l ilk kez giren \u00d6zlem Nurg\u00f6k, Hatay \u0130skenderun\u2019da \u00f6\u011frenim g\u00f6rd\u00fc\u011f\u00fc \u00f6zel liseden birincilikle mezun oldu. Okul m\u00fcd\u00fcr\u00fcn\u00fcn ihmalkarl\u0131\u011f\u0131 nedeniyle hak etti\u011fi lise birincileri kontenjan\u0131ndan yerle\u015femeyen Nurg\u00f6k, \u201cBen okul birincili\u011fiyle liseden mezun oldum. Ama okulun ya da bir tak\u0131m yetkililerin ihmali \u00fczerine birincili\u011fim onaylanmam\u0131\u015f. Baz\u0131 teknik ar\u0131zalar\u0131n oldu\u011fu s\u00f6ylendi. O y\u00fczden \u00d6SYM taraf\u0131ndan genel kontenjana yerle\u015ftirildim. Okul birincili\u011fi kontenjan\u0131na yerle\u015ftirilmedim. Bu da bana tercihlerin a\u00e7\u0131klanmas\u0131 a\u015famas\u0131nda s\u0131k\u0131nt\u0131 ya\u015fatt\u0131. \u00c7\u00fcnk\u00fc istedi\u011fim okula de\u011fil daha a\u015fa\u011f\u0131ya yazd\u0131\u011f\u0131m bir \u00fcniversiteye yerle\u015ftim\u201d dedi.<\/p>\n<p>\u201cHayalim m\u00fchendislikti\u201d<\/p>\n<p>Tercihlerinin genel kontenjandan de\u011ferlendirilmesi \u00fczerine Karab\u00fck \u00dcniversitesi T\u0131p Fak\u00fcltesi\u2019ni kazand\u0131\u011f\u0131n\u0131 s\u00f6yleyen Nurg\u00f6k, hayalinin ise \u0130T\u00dc Makine M\u00fchendisli\u011fi oldu\u011funu s\u00f6yledi. Hak mahrumiyetinin giderilmesi durumunda hayali olan \u00fcniversiteye yerle\u015febilece\u011fini ifade eden Nurg\u00f6k, \u201c\u0130stanbul Teknik \u00dcniversitesi\u2019nde Makine M\u00fchendisli\u011fi okumak istiyordum. Tercih sonu\u00e7lar\u0131n\u0131n a\u00e7\u0131kland\u0131\u011f\u0131 gece okudu\u011fum k\u0131lavuza g\u00f6re bu istedi\u011fim okula girebiliyordum. Ancak genel kontenjana d\u00fc\u015ft\u00fc\u011f\u00fcm i\u00e7in Karab\u00fck \u00dcniversitesi T\u0131p Fak\u00fcltesi\u2019ni kazand\u0131m. Benim hayalim m\u00fchendislikti. Asla T\u0131p Fak\u00fcltesi\u2019ni k\u00fc\u00e7\u00fcmsemiyorum ama amac\u0131ma ula\u015famad\u0131\u011f\u0131m i\u00e7in \u00fcz\u00fcl\u00fcyorum\u201d diye konu\u015ftu.<\/p>\n<p>\u201cGenel tercihe d\u00fc\u015ft\u00fc\u011f\u00fcm\u00fc anlad\u0131\u011f\u0131m an Ankara\u2019ya geldim\u201d<\/p>\n<p>KDK\u2019ya ba\u015fvurma s\u00fcrecinden bahseden Nurg\u00f6k, kendisi gibi okul birincili\u011fiyle mezun olan fakat yap\u0131lan hatalardan dolay\u0131 h\u00fcsran ya\u015fayan ba\u015fkalar\u0131n\u0131n da oldu\u011funu belirterek, \u201cKamu Denet\u00e7ili\u011fi Kurumu\u2019nu bir \u00f6\u011fretmenim arac\u0131l\u0131\u011f\u0131yla \u00f6\u011frendim. Hemen yola \u00e7\u0131kt\u0131m ve Ankara\u2019ya geldi\u011fim g\u00fcn direkt buraya ba\u015fvurdum. \u0130lk olarak \u00d6SYM\u2019nin yolunu tuttum ve dilek\u00e7emi verdim. \u00d6SYM dilek\u00e7emi ald\u0131 ama sonu\u00e7 i\u00e7in biraz bekleyebilece\u011fimi s\u00f6ylediler. Kamu Denet\u00e7ili\u011fi Kurumu\u2019ndaki yetkililere, durumumu arz ettim. Bana \u00e7ok yard\u0131mc\u0131 oldular. Durumumla yak\u0131ndan ilgileniyorlar. \u015eu an \u00d6SYM\u2019den bir netice bekliyorum. Buraya geldikten sonra benim gibi bu problemi ya\u015fayan birka\u00e7 ki\u015finin daha oldu\u011funu \u00f6\u011frendim. Onlar durumu benden daha erken fark etmi\u015fler. Benim gibi bekleyenler de varm\u0131\u015f. S\u0131nav g\u00fcnd\u00fcz a\u00e7\u0131kland\u0131. Ben durumun fark\u0131na gece vard\u0131m. K\u0131lavuzun yay\u0131nland\u0131\u011f\u0131n\u0131 gece g\u00f6rd\u00fcm. Fark ettikten sonra birincili\u011fimde s\u0131k\u0131nt\u0131 ya\u015fand\u0131\u011f\u0131n\u0131 anlad\u0131m. Hemen okuluma ba\u015fvurdum ve otob\u00fcse binerek Ankara\u2019ya geldim\u201d ifadelerini kulland\u0131.<\/p>\n<p>\u201cHakk\u0131m olan yerde de\u011filim\u201d<\/p>\n<p>Liseden birincilikle mezun olmas\u0131n\u0131n mutlulu\u011funu ya\u015fayamad\u0131\u011f\u0131n\u0131 s\u00f6yleyen Nurg\u00f6k, yetkililerden de yard\u0131m istedi. Nurg\u00f6k, lise hayat\u0131 boyunca \u00e7ok \u00e7al\u0131\u015farak birinci olmak i\u00e7in \u00e7ok u\u011fra\u015f verdi\u011fini belirterek, \u201cOkudu\u011fum liseden birincilik unvan\u0131yla ayr\u0131ld\u0131m ama bu duyguyu ya\u015fayamad\u0131m. Mezuniyet gecesi oldu. S\u0131nava girdim ve ard\u0131ndan sonu\u00e7lar\u0131n a\u00e7\u0131klanmas\u0131yla birlikte h\u00fcsrana u\u011frad\u0131m. O y\u00fczden \u00fczg\u00fcn\u00fcm, hep \u00fczg\u00fcn\u00fcm. 70 ki\u015fi aras\u0131ndan okuldan birinci \u00e7\u0131kt\u0131m. 4 sene boyunca u\u011fra\u015ft\u0131m, amac\u0131ma ula\u015ft\u0131m ama sonu\u00e7 ortada. \u0130skenderun\u2019a gittikten sonra avukat\u0131mla birlikte mahkemeye ba\u015fvuraca\u011f\u0131m ve dava a\u00e7aca\u011f\u0131z. Buraya s\u00fcreci h\u0131zland\u0131rmalar\u0131 i\u00e7in geldim. Ama hala bekliyorum. Yetkililere sesleniyorum; acilen ma\u011fduriyetimin giderilmesini talep ediyorum. Hakk\u0131m olan yerde, olmam gereken yerde de\u011filim\u201d \u015feklinde konu\u015ftu.<\/p>\n<p>\u201c\u00c7ok say\u0131da ba\u015fvuru var\u201d<\/p>\n<p>KDK Uzman\u0131 Safiye A\u00e7\u0131kg\u00f6z, \u00d6zlem\u2019in ya\u015fad\u0131\u011f\u0131 problemin ilk olmad\u0131\u011f\u0131n\u0131 vurgulayarak, \u201cOkul birincisi olarak okullar\u0131ndan mezun olmu\u015f \u00f6\u011frencilerin bize bu konu hakk\u0131nda \u00e7ok say\u0131da ba\u015fvurusu var. Teknik baz\u0131 aksakl\u0131klar nedeniyle E-Okul sistemine bu \u00f6\u011frencilerin birincilikleri i\u015flenmemi\u015f veya s\u00fcre\u00e7 do\u011fru i\u015fletilmedi\u011fi i\u00e7in \u00f6\u011frencilerin okul birincili\u011fi oldu\u011funa dair bilgiler \u00d6SYM\u2019ye gitmemi\u015f. Bu durumda yerle\u015ftirilme i\u015flemlerinde adaylardan tercih al\u0131nd\u0131ktan sonra bu \u00e7e\u015fit s\u0131k\u0131nt\u0131lar ya\u015fand\u0131 ve \u00e7ok say\u0131da \u015fikayet oldu. Asl\u0131na bakarsan\u0131z yerle\u015ftirilme i\u015fleminden \u00f6nce de bize bu tak\u0131m s\u0131k\u0131nt\u0131lara dair haberler, \u015fikayetler geldi. Biz bunlar\u0131 dostane bir \u015fekilde hi\u00e7bir ma\u011fduriyet ya\u015fanmadan sorunun \u00fcstesinden gelmi\u015ftik ve bu \u00f6\u011frencilerimiz okul birincilikleri kontenjanlar\u0131ndan yerle\u015ftirildiler. Ama art\u0131k yerle\u015ftirilme i\u015flemleri yap\u0131ld\u0131 ve baz\u0131 \u00f6\u011frenciler g\u00f6rd\u00fcler ki E-Okul sisteminde birinciliklerinin olmamas\u0131 nedeniyle hak ettikleri kontenjanlara yerle\u015ftirilemediler\u201d dedi.<\/p>\n<p>\u201cMEB ve \u00d6SYM\u2019nin i\u00e7inde bulundu\u011fu bir anla\u015fmayla problemi \u00e7\u00f6zece\u011fiz\u201d<\/p>\n<p>A\u00e7\u0131kg\u00f6z, \u00d6zlem Nurg\u00f6k ve bu t\u00fcr s\u0131k\u0131nt\u0131lar\u0131 ya\u015fayanlar i\u00e7in ellerinden geleni yapacaklar\u0131n\u0131 s\u00f6yleyerek Ba\u015f Kamu Denet\u00e7isi \u015eeref Malko\u00e7\u2019un talimat\u0131yla konu \u00fczerinde titizlikle \u00e7al\u0131\u015f\u0131ld\u0131\u011f\u0131n\u0131 ifade etti. A\u00e7\u0131kg\u00f6z, \u201c\u00d6zlem \u0130skenderun\u2019dan buraya kadar \u00e7\u0131km\u0131\u015f gelmi\u015f. Okulunun birincisi, \u00e7ok da ba\u015far\u0131l\u0131 bir \u00f6\u011frenci. \u015eu an halihaz\u0131rda bir \u00fcniversiteye yerle\u015ftirilmi\u015f. Ancak hakk\u0131 olan okul birincili\u011fi kontenjan\u0131ndan yerle\u015ftirilece\u011fi bir okul varken daha geride kalan tercihlerinden birine yerle\u015ftirilmi\u015f. Bize geldi ve \u2018Hakk\u0131m alan\u0131 almak istiyorum\u2019 dedi. Biz de dostane giri\u015fimlerde bulunarak bu durumun \u00fcstesinden gelmeye \u00e7al\u0131\u015f\u0131yoruz. Neticede, devlet t\u00fcm kurumlar\u0131yla bir b\u00fct\u00fcn. Ba\u015f denet\u00e7imizin talimat\u0131yla konunun takibini s\u00fcrd\u00fcr\u00fcyoruz. Umuyorum ki; Milli E\u011fitim Bakanl\u0131\u011f\u0131 ve \u00d6SYM\u2019nin de i\u00e7inde bulundu\u011fu bir anla\u015fmayla bu problemi \u00e7\u00f6zece\u011fiz. Ayn\u0131 durumda \u00e7ok fazla okul birincisi durumu var. Bu \u00f6\u011frenciler ya istemedikleri b\u00f6l\u00fcmlere, okullara yerle\u015ftirilmi\u015f ya da hi\u00e7 yerle\u015ftirilmemi\u015f. Sosyal medya \u00fczerinden de \u00e7ok fazla \u015fikayet al\u0131yoruz. Elimizden gelen t\u00fcm gayreti g\u00f6steriyoruz\u201d \u015feklinde konu\u015ftu.<\/p>\n<p>\u201cT\u00fcm devlet kurumlar\u0131 olarak elimizden geleni yapaca\u011f\u0131z\u201d<\/p>\n<p>A\u00e7\u0131kg\u00f6z, T\u00fcrkiye\u2019de son y\u0131llarda insanlar\u0131n hak arama yol ve y\u00f6ntemlerini bildikleri i\u00e7in mutlu oldu\u011funu ifade ederek, t\u00fcm devlet kurumlar\u0131n\u0131n \u00d6zlem i\u00e7in ellerinden geleni yapaca\u011f\u0131n\u0131n da s\u00f6z\u00fcn\u00fc verdi. A\u00e7\u0131kg\u00f6z, \u201cBizim kurumumuzun \u00f6zelli\u011fi bu t\u00fcr \u015fikayetlerin \u00e7ok k\u0131sa zamanda nihayetine kavu\u015fmas\u0131. Yarg\u0131ya gitmesi durumda hem yarg\u0131 y\u00fck\u00fc artm\u0131\u015f olacak hem de yarg\u0131sal s\u00fcre\u00e7leri beklemi\u015f olacak. Mevzuata g\u00f6re hakk\u0131 olan \u015feyleri daha uzun vadede alacak. Biz bu durumu daha h\u0131zl\u0131 bir \u015fekilde \u00e7\u00f6zebilece\u011fimizi d\u00fc\u015f\u00fcn\u00fcyoruz. Yetkililerle bir araya gelip bu durumu \u00e7\u00f6zece\u011fiz. Bu \u00e7e\u015fit s\u0131k\u0131nt\u0131lar ya\u015fand\u0131\u011f\u0131 i\u00e7in hepimiz \u00fcz\u00fcl\u00fcyoruz ama art\u0131k insan\u0131m\u0131z hak arama yol ve y\u00f6ntemlerini biliyor. \u0130skenderun\u2019dan \u00e7\u0131k\u0131p gelen bir \u00f6\u011frenci var biz de bir anlamda onun ailesiyiz ve t\u00fcm devlet kurumlar\u0131 olarak elimizden geleni yapaca\u011f\u0131z\u201d diye konu\u015ftu.<\/p>\n","protected":false},"excerpt":{"rendered":"<p>\u0130SKENDERUN\u2019DA YA\u015eAYAN \u00d6ZLEM NURG\u00d6K, OKUDU\u011eU L\u0130SEDE B\u0130R\u0130NC\u0130 OLARAK MEZUN OLDU. L\u0130SE B\u0130R\u0130NC\u0130LER\u0130 KONTENJANINDAN FAYDALANARAK \u0130T\u00dc MAK\u0130NE M\u00dcHEND\u0130SL\u0130\u011e\u0130\u2019NDE OKUMAK \u0130\u00c7\u0130N TERC\u0130H\u0130N\u0130 YAPTI. FAKAT YKS TERC\u0130H SONU\u00c7LARININ A\u00c7IKLANMASIYLA B\u0130RL\u0130KTE H\u00dcSRANA U\u011eRADI. E-OKUL\u2019A B\u0130R\u0130NC\u0130L\u0130\u011e\u0130N\u0130N B\u0130LD\u0130R\u0130LMEMES\u0130 SONUCU \u0130STEMED\u0130\u011e\u0130 B\u0130R B\u00d6L\u00dcME YERLE\u015eT\u0130R\u0130LEN NURG\u00d6K, HAK MAHRUM\u0130YET\u0130N\u0130N G\u0130DER\u0130LMES\u0130N\u0130 \u0130\u00c7\u0130N KAMU DENET\u00c7\u0130L\u0130\u011e\u0130 KURUMU\u2019NA BA\u015eVURDU.<\/p>\n","protected":false},"author":1,"featured_media":192475,"comment_status":"closed","ping_status":"open","sticky":false,"template":"","format":"standard","meta":{"jetpack_post_was_ever_published":false,"_jetpack_newsletter_access":"","_jetpack_dont_email_post_to_subs":false,"_jetpack_newsletter_tier_id":0,"_jetpack_memberships_contains_paywalled_content":false,"_jetpack_memberships_contains_paid_content":false,"footnotes":"","jetpack_publicize_message":"","jetpack_publicize_feature_enabled":true,"jetpack_social_post_already_shared":true,"jetpack_social_options":{"image_generator_settings":{"template":"highway","default_image_id":0,"font":"","enabled":false},"version":2}},"categories":[1],"tags":[1073,1827,7552,1202,964,31297,15733,120,48202,3380],"class_list":["post-192474","post","type-post","status-publish","format-standard","has-post-thumbnail","hentry","category-genel","tag-ozel","tag-arama","tag-birincisi","tag-cikti","tag-hak","tag-kdk","tag-mucadelesine","tag-okul","tag-ozlemin","tag-sahip"],"jetpack_publicize_connections":[],"jetpack_featured_media_url":"https:\/\/i0.wp.com\/www.tvturk.com\/wp-content\/uploads\/2019\/08\/ozel-okul-birincisi-ozlemin-hak-arama-mucadelesine-kdk-sahip-cikti_86134b6.jpg?fit=1000%2C704","jetpack_sharing_enabled":true,"jetpack_shortlink":"https:\/\/wp.me\/paKIfm-O4q","_links":{"self":[{"href":"http:\/\/www.tvturk.com\/index.php\/wp-json\/wp\/v2\/posts\/192474","targetHints":{"allow":["GET"]}}],"collection":[{"href":"http:\/\/www.tvturk.com\/index.php\/wp-json\/wp\/v2\/posts"}],"about":[{"href":"http:\/\/www.tvturk.com\/index.php\/wp-json\/wp\/v2\/types\/post"}],"author":[{"embeddable":true,"href":"http:\/\/www.tvturk.com\/index.php\/wp-json\/wp\/v2\/users\/1"}],"replies":[{"embeddable":true,"href":"http:\/\/www.tvturk.com\/index.php\/wp-json\/wp\/v2\/comments?post=192474"}],"version-history":[{"count":0,"href":"http:\/\/www.tvturk.com\/index.php\/wp-json\/wp\/v2\/posts\/192474\/revisions"}],"wp:featuredmedia":[{"embeddable":true,"href":"http:\/\/www.tvturk.com\/index.php\/wp-json\/wp\/v2\/media\/192475"}],"wp:attachment":[{"href":"http:\/\/www.tvturk.com\/index.php\/wp-json\/wp\/v2\/media?parent=192474"}],"wp:term":[{"taxonomy":"category","embeddable":true,"href":"http:\/\/www.tvturk.com\/index.php\/wp-json\/wp\/v2\/categories?post=192474"},{"taxonomy":"post_tag","embeddable":true,"href":"http:\/\/www.tvturk.com\/index.php\/wp-json\/wp\/v2\/tags?post=192474"}],"curies":[{"name":"wp","href":"https:\/\/api.w.org\/{rel}","templated":true}]}}