{"id":192526,"date":"2019-08-10T12:32:03","date_gmt":"2019-08-10T09:32:03","guid":{"rendered":"http:\/\/www.tvturk.com\/index.php\/hayvan-pazarinda-bayram-yogunlugu\/"},"modified":"2019-08-10T12:32:03","modified_gmt":"2019-08-10T09:32:03","slug":"hayvan-pazarinda-bayram-yogunlugu","status":"publish","type":"post","link":"http:\/\/www.tvturk.com\/index.php\/hayvan-pazarinda-bayram-yogunlugu\/","title":{"rendered":"Hayvan pazar\u0131nda bayram yo\u011funlu\u011fu"},"content":{"rendered":"<p>Kars\u2019ta, Kurban Bayram\u0131\u2019na bir g\u00fcn kala hayvan pazar\u0131nda yo\u011funluk ya\u015fan\u0131yor.<\/p>\n<p>Kurban bayram\u0131 \u00f6ncesinde al\u0131\u015fveri\u015flerini s\u00fcrd\u00fcren vatanda\u015flar, kurbanl\u0131k hayvan almak i\u00e7in K\u00f6m\u00fcr Tevzi \u00f6n\u00fcnde kurulan hayvan pazar\u0131na ak\u0131n etti. Pazarda havyan sahipleri ile s\u0131k\u0131 pazarl\u0131k eden vatanda\u015flar, kurbanl\u0131klar\u0131n\u0131 alarak evlerinin yolunu tutuyor. Baz\u0131 vatanda\u015flar ise fiyatlar\u0131n d\u00fc\u015fmesini bekliyor.<\/p>\n<p>B\u00fcy\u00fckba\u015f hayvan\u0131n\u0131n 5 ile 10 bin lira, k\u00fc\u00e7\u00fckba\u015f hayvanlar\u0131n da 600 ile bin 500 liraya sat\u0131ld\u0131\u011f\u0131 Kars\u2019ta al\u0131c\u0131lar fiyatlar\u0131 pahal\u0131 bulurken, sat\u0131c\u0131lar ise fiyatlar\u0131n \u00e7ok uygun olmas\u0131na ra\u011fmen hayvanlar\u0131n\u0131 satamad\u0131klar\u0131ndan yak\u0131n\u0131yor.<\/p>\n<p>Hayvan piyasan\u0131n olmad\u0131\u011f\u0131n\u0131 ifade eden Tanju Kaya, \u201cBu y\u0131l piyasa yok, satamad\u0131k. 100 hayvan getirdik, 55 tanesi kald\u0131, satam\u0131yoruz. Fiyatlar\u0131m\u0131z 700 liradan ba\u015fl\u0131yor. 800 liraya kadar hayvan var. Sat\u0131\u015flar\u0131m\u0131za bug\u00fcn ve yar\u0131n devam edece\u011fiz\u201d dedi.<\/p>\n<p>\u201cMeydan durumu \u00e7ok k\u00f6t\u00fc\u201d<\/p>\n<p>Meydan durumunun \u00e7ok k\u00f6t\u00fc oldu\u011funu belirten Mehmet Yavuz G\u00fcl, \u201cMeydan durumu \u00e7ok k\u00f6t\u00fc, yaz\u0131n 3 ay, 4 ay otard\u0131\u011f\u0131m\u0131z mal\u0131 \u015fuan satam\u0131yoruz. Yaz\u0131n ald\u0131\u011f\u0131m\u0131z mal\u0131, \u015fuan ald\u0131\u011f\u0131m\u0131z paraya satam\u0131yoruz. Bunun hamall\u0131\u011f\u0131n\u0131 yapt\u0131k, \u00e7\u00f6le g\u00f6t\u00fcrd\u00fck, otard\u0131k. Yemler pahal\u0131, esnaf a\u011fl\u0131yor sat\u0131\u015f yok. \u00c7ok k\u00f6t\u00fc bir durumda, kriz diyebiliriz. 5 bin liral\u0131k mal, 3 bin liraya d\u00fc\u015ft\u00fc\u201d diye konu\u015ftu.<\/p>\n<p>\u00d6te yandan, k\u00fc\u00e7\u00fckba\u015f hayvan\u0131n \u00e7o\u011funlukta oldu\u011fu hayvan pazar\u0131nda, sat\u0131c\u0131lar, hayvanlar\u0131n\u0131 satmak i\u00e7in yo\u011fun m\u00fccadele veriyor. Bayrama bir g\u00fcn kala yo\u011funlu\u011fun ya\u015fand\u0131\u011f\u0131 pazarda, al\u0131c\u0131lar ise pazarl\u0131k yaparak fiyatlar\u0131n biraz daha d\u00fc\u015fmesi bekliyor.<\/p>\n<p>Baz\u0131 sat\u0131c\u0131lar ise bayram sabah\u0131 da pazarda hayvan satacaklar\u0131n\u0131 kaydettiler. Kars\u2019ta bayram yo\u011funlu\u011fu devam ediyor.<\/p>\n","protected":false},"excerpt":{"rendered":"<p>KARS\u2019TA, KURBAN BAYRAMI\u2019NA B\u0130R G\u00dcN KALA HAYVAN PAZARINDA YO\u011eUNLUK YA\u015eANIYOR.<\/p>\n","protected":false},"author":1,"featured_media":192527,"comment_status":"closed","ping_status":"open","sticky":false,"template":"","format":"standard","meta":{"jetpack_post_was_ever_published":false,"_jetpack_newsletter_access":"","_jetpack_dont_email_post_to_subs":false,"_jetpack_newsletter_tier_id":0,"_jetpack_memberships_contains_paywalled_content":false,"_jetpack_memberships_contains_paid_content":false,"footnotes":"","jetpack_publicize_message":"","jetpack_publicize_feature_enabled":true,"jetpack_social_post_already_shared":true,"jetpack_social_options":{"image_generator_settings":{"template":"highway","default_image_id":0,"font":"","enabled":false},"version":2}},"categories":[1],"tags":[23995,3049,5968,10277],"class_list":["post-192526","post","type-post","status-publish","format-standard","has-post-thumbnail","hentry","category-genel","tag-bayram","tag-hayvan","tag-pazarinda","tag-yogunlugu"],"jetpack_publicize_connections":[],"jetpack_featured_media_url":"https:\/\/i0.wp.com\/www.tvturk.com\/wp-content\/uploads\/2019\/08\/hayvan-pazarinda-bayram-yogunlugu_aaed513.jpg?fit=1000%2C562","jetpack_sharing_enabled":true,"jetpack_shortlink":"https:\/\/wp.me\/paKIfm-O5g","_links":{"self":[{"href":"http:\/\/www.tvturk.com\/index.php\/wp-json\/wp\/v2\/posts\/192526","targetHints":{"allow":["GET"]}}],"collection":[{"href":"http:\/\/www.tvturk.com\/index.php\/wp-json\/wp\/v2\/posts"}],"about":[{"href":"http:\/\/www.tvturk.com\/index.php\/wp-json\/wp\/v2\/types\/post"}],"author":[{"embeddable":true,"href":"http:\/\/www.tvturk.com\/index.php\/wp-json\/wp\/v2\/users\/1"}],"replies":[{"embeddable":true,"href":"http:\/\/www.tvturk.com\/index.php\/wp-json\/wp\/v2\/comments?post=192526"}],"version-history":[{"count":0,"href":"http:\/\/www.tvturk.com\/index.php\/wp-json\/wp\/v2\/posts\/192526\/revisions"}],"wp:featuredmedia":[{"embeddable":true,"href":"http:\/\/www.tvturk.com\/index.php\/wp-json\/wp\/v2\/media\/192527"}],"wp:attachment":[{"href":"http:\/\/www.tvturk.com\/index.php\/wp-json\/wp\/v2\/media?parent=192526"}],"wp:term":[{"taxonomy":"category","embeddable":true,"href":"http:\/\/www.tvturk.com\/index.php\/wp-json\/wp\/v2\/categories?post=192526"},{"taxonomy":"post_tag","embeddable":true,"href":"http:\/\/www.tvturk.com\/index.php\/wp-json\/wp\/v2\/tags?post=192526"}],"curies":[{"name":"wp","href":"https:\/\/api.w.org\/{rel}","templated":true}]}}