{"id":192574,"date":"2019-08-10T14:01:49","date_gmt":"2019-08-10T11:01:49","guid":{"rendered":"http:\/\/www.tvturk.com\/index.php\/yolcu-otobuslerine-siki-denetim\/"},"modified":"2019-08-10T14:01:49","modified_gmt":"2019-08-10T11:01:49","slug":"yolcu-otobuslerine-siki-denetim","status":"publish","type":"post","link":"http:\/\/www.tvturk.com\/index.php\/yolcu-otobuslerine-siki-denetim\/","title":{"rendered":"Yolcu otob\u00fcslerine s\u0131k\u0131 denetim"},"content":{"rendered":"<p>\u0130\u00e7i\u015fleri Bakan\u0131 Bakan Yard\u0131mc\u0131s\u0131 Muhterem \u0130nce, otob\u00fcs kazalar\u0131n\u0131n \u00f6n\u00fcne ge\u00e7ebilmek i\u00e7in bayram boyunca yolcu otob\u00fcslerini sivil ekipler taraf\u0131ndan kontrol edilece\u011fini s\u00f6yledi.<\/p>\n<p>Eski\u015fehir-Ankara Organize Sanayi B\u00f6lgesi giri\u015finde bulunan uygulama noktas\u0131n\u0131 ziyaret eden Bakan Yard\u0131mc\u0131s\u0131 Muhterem \u0130nce, burada polis ekiplerinin bayram\u0131n\u0131 kutlad\u0131. Ard\u0131ndan \u015fehirleraras\u0131 yolculuk eden ailelerin bayramlar\u0131n\u0131 kutlayan \u0130nce, trafik ile ilgili uyar\u0131larda bulundu. Bu bayramda y\u00fcr\u00fct\u00fclen \u2018Hayat\u0131 korumak i\u00e7in kemerin ses getirsin\u2019 kampanyas\u0131n\u0131 ailelere hat\u0131rlatan Bakan Yard\u0131mc\u0131s\u0131 \u0130nce, \u00e7ocuklar\u0131nda kemer takma al\u0131\u015fkanl\u0131\u011f\u0131n\u0131n \u00f6nemine de\u011findi.<\/p>\n<p>Bir vatanda\u015f taraf\u0131ndan uygulama s\u0131ras\u0131ndan \u0130nce\u2019ye, sivil plakal\u0131 \u00e7akar bulunan ara\u00e7lar\u0131n trafi\u011fi tehlikeye d\u00fc\u015f\u00fcrd\u00fc\u011f\u00fcne y\u00f6nelik yap\u0131lan \u015fik\u00e2yet sonras\u0131nda ise \u0130nce, konuyla ilgili \u00f6nlemlerin al\u0131nd\u0131\u011f\u0131 ve \u00e7al\u0131\u015fmalar\u0131n\u0131n s\u00fcrd\u00fc\u011f\u00fcn\u00fc s\u00f6yledi.<\/p>\n<p>\u201cYolcu otob\u00fcslerin denetimini yapacak sivil ekiplerimiz olacak\u201d<\/p>\n<p>Ard\u0131ndan a\u00e7\u0131klamalarda bulunan \u0130nce, bayram s\u00fcresince al\u0131nan \u00f6nlemler hakk\u0131nda konu\u015ftu. \u0130\u00e7i\u015fleri Bakan Yard\u0131mc\u0131s\u0131 Muhterem \u0130nce, bu bayram tedbirleri \u00e7er\u00e7evesinde 64 bin kadar trafik ekibinin sahada olaca\u011f\u0131n\u0131 belirterek, \u201c116 bin personelimiz sahalarda g\u00f6revde olacak. Kaza kara noktalar \u00e7ok \u00f6nemsiyoruz, buralara a\u011f\u0131rl\u0131k veriyoruz. Havadan helikopter ve drone ile denetimlerimiz olacak. Bu denetimlere ba\u015flad\u0131k. Otob\u00fcs denetimlerini \u00f6nemsiyoruz, otob\u00fcs kazalar\u0131n\u0131 s\u0131f\u0131ra indirmek istiyoruz. Bu anlamda otob\u00fcslerin denetimini yapan sivil ekiplerimiz olacak. Yine 56 tane emniyet ve jandarmadan olu\u015fturdu\u011fumuz trafik m\u00fcfetti\u015flerimiz var. Bunlarla bayram s\u00fcrecinde sahada olacaklar. \u00dcst d\u00fczey alg\u0131y\u0131 olu\u015fturarak en az kazalar\u0131n ya\u015fand\u0131\u011f\u0131, \u00f6l\u00fcml\u00fc kazalar\u0131n hi\u00e7 olmad\u0131\u011f\u0131 bir d\u00f6nem ya\u015famak istiyoruz. Alm\u0131\u015f oldu\u011fumuz tedbirlerde bu anlamda ge\u00e7en y\u0131la g\u00f6re g\u00fczel sonular veriyor. Bu anlamda Eski\u015fehir\u2019de \u00f6rnek illerden bir tanesi. Her bayram bir uygulama yaparak bu alg\u0131y\u0131 olu\u015fturmak istiyoruz\u201d dedi.<\/p>\n<p>\u201c\u2019Hayat\u0131 korumak i\u00e7in kemerin ses getirsin\u2019 kampanyas\u0131 ba\u015flatt\u0131k\u201d<\/p>\n<p>Kurban Bayram\u0131 m\u00fcnasebetiyle 7 g\u00fcnl\u00fck trafik tedbir plan\u0131 yapt\u0131klar\u0131n\u0131 aktaran \u0130nce, konu\u015fmas\u0131n\u0131n devam\u0131nda \u015funlar\u0131 s\u00f6yledi:<\/p>\n<p>\u201cHer bayram alm\u0131\u015f oldu\u011fumuz tedbirlerini en \u00fcst seviyede tutarak bu bayramda da vatanda\u015flar\u0131m\u0131z\u0131n huzurlu bir bayram ge\u00e7irmesi i\u00e7in, trafik kazalar\u0131n\u0131n hi\u00e7 olmad\u0131\u011f\u0131 bir bayram olmas\u0131 arzusuyla \u0130\u00e7i\u015fleri Bakan\u0131m\u0131z S\u00fcleyman Soylu ba\u015fkanl\u0131\u011f\u0131nda en \u00fcst d\u00fczeyde tutmaya \u00e7al\u0131\u015f\u0131yoruz. Bu bayramda \u2018hayat\u0131 korumak i\u00e7in kemerin ses getirsin\u2019 kampanyas\u0131n\u0131 ba\u015flatt\u0131k. Bu bayram\u0131n hediyesi kemerin sesi diyoruz. Bu anlamda \u00e7ocuklar\u0131m\u0131z kemer takarken \u00e7ektikleri foto\u011fraf ve videolar\u0131 belirti\u011fimiz adreslere g\u00f6nderirseler onlara daha \u00f6nceki bayramlarda verdi\u011fimiz gibi \u00e7e\u015fitli hediyeler verece\u011fiz. Onlar\u0131 sevindirece\u011fiz. \u0130n\u015fallah kemerlerimizi hem \u00f6nde hem de arkada takarsak, a\u015f\u0131r\u0131 h\u0131z yapmazsak, s\u00fcr\u00fcc\u00fclerimiz s\u00fcr\u00fc\u015f esnas\u0131nda cep telefonu kullanmazsa biz bu trafik sorununu \u00e7\u00f6zeriz diyoruz. Yeter ki \u00fczerinde dural\u0131m, dikkat edelim. Hi\u00e7bir kazan\u0131n olmad\u0131\u011f\u0131 bayram diliyoruz.\u201d<\/p>\n<p>Bakan Yard\u0131mc\u0131s\u0131 \u0130nce\u2019ye program\u0131 s\u0131ras\u0131nda, Eski\u015fehir Valisi \u00d6zdemir \u00c7akacak, Eski\u015fehir Milletvekili Harun Karacan, \u0130l Emniyet M\u00fcd\u00fcr\u00fc Engin Din\u00e7, \u0130l Jandarma Komutan\u0131 \u0130lhan \u015een ve \u00e7ok say\u0131da emniyet m\u00fcd\u00fcr yard\u0131mc\u0131s\u0131 ve \u015fube m\u00fcd\u00fcr\u00fc e\u015flik etti<\/p>\n","protected":false},"excerpt":{"rendered":"<p>\u015eEH\u0130RLER ARASI YOLCULUK EDEN A\u0130LELER\u0130N BAYRAMLARINI KUTLAYAN \u0130NCE, TRAF\u0130K \u0130LE \u0130LG\u0130L\u0130 UYARILARDA BULUNDU.<\/p>\n","protected":false},"author":1,"featured_media":192575,"comment_status":"closed","ping_status":"open","sticky":false,"template":"","format":"standard","meta":{"jetpack_post_was_ever_published":false,"_jetpack_newsletter_access":"","_jetpack_dont_email_post_to_subs":false,"_jetpack_newsletter_tier_id":0,"_jetpack_memberships_contains_paywalled_content":false,"_jetpack_memberships_contains_paid_content":false,"footnotes":"","jetpack_publicize_message":"","jetpack_publicize_feature_enabled":true,"jetpack_social_post_already_shared":true,"jetpack_social_options":{"image_generator_settings":{"template":"highway","default_image_id":0,"font":"","enabled":false},"version":2}},"categories":[1],"tags":[6015,17963,2462,6459],"class_list":["post-192574","post","type-post","status-publish","format-standard","has-post-thumbnail","hentry","category-genel","tag-denetim","tag-otobuslerine","tag-siki","tag-yolcu"],"jetpack_publicize_connections":[],"jetpack_featured_media_url":"https:\/\/i0.wp.com\/www.tvturk.com\/wp-content\/uploads\/2019\/08\/yolcu-otobuslerine-siki-denetim_b5d49b3.jpg?fit=1000%2C666","jetpack_sharing_enabled":true,"jetpack_shortlink":"https:\/\/wp.me\/paKIfm-O62","_links":{"self":[{"href":"http:\/\/www.tvturk.com\/index.php\/wp-json\/wp\/v2\/posts\/192574","targetHints":{"allow":["GET"]}}],"collection":[{"href":"http:\/\/www.tvturk.com\/index.php\/wp-json\/wp\/v2\/posts"}],"about":[{"href":"http:\/\/www.tvturk.com\/index.php\/wp-json\/wp\/v2\/types\/post"}],"author":[{"embeddable":true,"href":"http:\/\/www.tvturk.com\/index.php\/wp-json\/wp\/v2\/users\/1"}],"replies":[{"embeddable":true,"href":"http:\/\/www.tvturk.com\/index.php\/wp-json\/wp\/v2\/comments?post=192574"}],"version-history":[{"count":0,"href":"http:\/\/www.tvturk.com\/index.php\/wp-json\/wp\/v2\/posts\/192574\/revisions"}],"wp:featuredmedia":[{"embeddable":true,"href":"http:\/\/www.tvturk.com\/index.php\/wp-json\/wp\/v2\/media\/192575"}],"wp:attachment":[{"href":"http:\/\/www.tvturk.com\/index.php\/wp-json\/wp\/v2\/media?parent=192574"}],"wp:term":[{"taxonomy":"category","embeddable":true,"href":"http:\/\/www.tvturk.com\/index.php\/wp-json\/wp\/v2\/categories?post=192574"},{"taxonomy":"post_tag","embeddable":true,"href":"http:\/\/www.tvturk.com\/index.php\/wp-json\/wp\/v2\/tags?post=192574"}],"curies":[{"name":"wp","href":"https:\/\/api.w.org\/{rel}","templated":true}]}}