{"id":192578,"date":"2019-08-10T14:01:58","date_gmt":"2019-08-10T11:01:58","guid":{"rendered":"http:\/\/www.tvturk.com\/index.php\/halisdemire-bayram-ziyareti\/"},"modified":"2019-08-10T14:01:58","modified_gmt":"2019-08-10T11:01:58","slug":"halisdemire-bayram-ziyareti","status":"publish","type":"post","link":"http:\/\/www.tvturk.com\/index.php\/halisdemire-bayram-ziyareti\/","title":{"rendered":"Halisdemir\u2019e bayram ziyareti"},"content":{"rendered":"<p>Fetullah\u00e7\u0131 Ter\u00f6r \u00d6rg\u00fct\u00fc\u2019n\u00fcn (FET\u00d6) 15 Temmuz\u2019daki darbe giri\u015fimi s\u0131ras\u0131nda, Ankara\u2019da \u00d6zel Kuvvetler Komutanl\u0131\u011f\u0131nda darbeci generali vurduktan sonra \u015fehit olan Piyade Astsubay K\u0131demli Ba\u015f\u00e7avu\u015f \u00d6mer Halisdemir\u2019in Ni\u011fde\u2019deki kabri, Kurban Bayram\u0131 arifesinde ziyaret\u00e7i ak\u0131n\u0131na u\u011frad\u0131.  Halisdemir\u2019in Bor il\u00e7esi \u00c7ukurkuyu beldesinde bulunan \u015fehitlikteki kabrini ziyaret edenler, Kur\u2019an-\u0131 Kerim okudu, dua etti, baz\u0131 vatanda\u015flar duygulu anlar ya\u015fad\u0131. Aileler \u00e7ocuklar\u0131na \u015fehit<\/p>\n<p>Halisdemir\u2019in kahramanl\u0131k hikayesini anlatt\u0131<\/p>\n<p>Antalya\u2019dan ziyarete Mevl\u00fct Erdal, &#8220;Allah\u2019\u0131n izniyle \u00d6mer Halisdemirler bitmez, zaten \u00d6mer Halisdemirler bitti mi \u00fclkemizde bitti demektir. Asker olarak do\u011fduk ve asker olarak da vatan\u0131m\u0131z\u0131 milletimizi  sonuna kadar savunaca\u011f\u0131z. Allah\u2019\u0131m Fethi Sekin, \u00d6mer Halisdemir gibilere uzun \u00f6m\u00fcr versin&#8221; dedi.<\/p>\n","protected":false},"excerpt":{"rendered":"<p>FETULLAH\u00c7I TER\u00d6R \u00d6RG\u00dcT\u00dc&#8217;N\u00dcN (FET\u00d6) 15 TEMMUZ&#8217;DAK\u0130 DARBE G\u0130R\u0130\u015e\u0130M\u0130 SIRASINDA, ANKARA&#8217;DA \u00d6ZEL KUVVETLER KOMUTANLI\u011eINDA DARBEC\u0130 GENERAL\u0130 VURDUKTAN SONRA \u015eEH\u0130T OLAN P\u0130YADE ASTSUBAY KIDEML\u0130 BA\u015e\u00c7AVU\u015e \u00d6MER HAL\u0130SDEM\u0130R&#8217;\u0130N N\u0130\u011eDE&#8217;DEK\u0130 KABR\u0130, KURBAN BAYRAMI AR\u0130FES\u0130NDE Z\u0130YARET\u00c7\u0130 AKININA U\u011eRADI<\/p>\n","protected":false},"author":1,"featured_media":192579,"comment_status":"closed","ping_status":"open","sticky":false,"template":"","format":"standard","meta":{"jetpack_post_was_ever_published":false,"_jetpack_newsletter_access":"","_jetpack_dont_email_post_to_subs":false,"_jetpack_newsletter_tier_id":0,"_jetpack_memberships_contains_paywalled_content":false,"_jetpack_memberships_contains_paid_content":false,"footnotes":"","jetpack_publicize_message":"","jetpack_publicize_feature_enabled":true,"jetpack_social_post_already_shared":true,"jetpack_social_options":{"image_generator_settings":{"template":"highway","default_image_id":0,"font":"","enabled":false},"version":2}},"categories":[1],"tags":[23995,44920,1730],"class_list":["post-192578","post","type-post","status-publish","format-standard","has-post-thumbnail","hentry","category-genel","tag-bayram","tag-halisdemire","tag-ziyareti"],"jetpack_publicize_connections":[],"jetpack_featured_media_url":"https:\/\/i0.wp.com\/www.tvturk.com\/wp-content\/uploads\/2019\/08\/halisdemire-bayram-ziyareti_bff013a.jpg?fit=1000%2C561","jetpack_sharing_enabled":true,"jetpack_shortlink":"https:\/\/wp.me\/paKIfm-O66","_links":{"self":[{"href":"http:\/\/www.tvturk.com\/index.php\/wp-json\/wp\/v2\/posts\/192578","targetHints":{"allow":["GET"]}}],"collection":[{"href":"http:\/\/www.tvturk.com\/index.php\/wp-json\/wp\/v2\/posts"}],"about":[{"href":"http:\/\/www.tvturk.com\/index.php\/wp-json\/wp\/v2\/types\/post"}],"author":[{"embeddable":true,"href":"http:\/\/www.tvturk.com\/index.php\/wp-json\/wp\/v2\/users\/1"}],"replies":[{"embeddable":true,"href":"http:\/\/www.tvturk.com\/index.php\/wp-json\/wp\/v2\/comments?post=192578"}],"version-history":[{"count":0,"href":"http:\/\/www.tvturk.com\/index.php\/wp-json\/wp\/v2\/posts\/192578\/revisions"}],"wp:featuredmedia":[{"embeddable":true,"href":"http:\/\/www.tvturk.com\/index.php\/wp-json\/wp\/v2\/media\/192579"}],"wp:attachment":[{"href":"http:\/\/www.tvturk.com\/index.php\/wp-json\/wp\/v2\/media?parent=192578"}],"wp:term":[{"taxonomy":"category","embeddable":true,"href":"http:\/\/www.tvturk.com\/index.php\/wp-json\/wp\/v2\/categories?post=192578"},{"taxonomy":"post_tag","embeddable":true,"href":"http:\/\/www.tvturk.com\/index.php\/wp-json\/wp\/v2\/tags?post=192578"}],"curies":[{"name":"wp","href":"https:\/\/api.w.org\/{rel}","templated":true}]}}