{"id":192582,"date":"2019-08-10T14:02:08","date_gmt":"2019-08-10T11:02:08","guid":{"rendered":"http:\/\/www.tvturk.com\/index.php\/bayramda-koylu-kadinlar-bu-lezzet-icin-bir-araya-geliyor\/"},"modified":"2019-08-10T14:02:08","modified_gmt":"2019-08-10T11:02:08","slug":"bayramda-koylu-kadinlar-bu-lezzet-icin-bir-araya-geliyor","status":"publish","type":"post","link":"http:\/\/www.tvturk.com\/index.php\/bayramda-koylu-kadinlar-bu-lezzet-icin-bir-araya-geliyor\/","title":{"rendered":"Bayramda k\u00f6yl\u00fc kad\u0131nlar bu lezzet i\u00e7in bir araya geliyor"},"content":{"rendered":"<p>Tokat\u2019ta Arife g\u00fcn\u00fc bir araya gelen k\u00f6yl\u00fcler imece usul\u00fc bayram \u00e7\u00f6re\u011fi gelene\u011fini ya\u015fatmaya \u00e7al\u0131\u015f\u0131yor.<\/p>\n<p>Tokat merkeze ba\u011fl\u0131 \u00c7amdere k\u00f6y\u00fcnde Kurban Bayram\u0131 \u00f6ncesinde tatl\u0131 bir tela\u015f ya\u015fan\u0131yor. K\u00f6yl\u00fc kad\u0131nlar bir araya gelerek imece usul\u00fc y\u00fczy\u0131l\u0131 a\u015fk\u0131n zamand\u0131r bayram sabahlar\u0131na \u00f6zel \u00e7\u00f6rek yap\u0131yor. \u00d6zenle yo\u011frularak 3 kat a\u00e7\u0131lan hamur aras\u0131na ceviz konuluyor. Yumak halinde tekrar yo\u011frulan hamur a\u00e7\u0131larak \u00fczerine \u00f6zel bir sos s\u00fcr\u00fclerek ta\u015f f\u0131r\u0131na s\u00fcr\u00fcl\u00fcyor. Yakla\u015f\u0131k yar\u0131m saat sonra pi\u015fen \u00e7\u00f6rekler bayram sabah kahvalt\u0131da sofralar\u0131 s\u00fcsl\u00fcyor. Y\u0131lda iki defa bir araya gelerek \u00e7\u00f6rek yapan kad\u0131nlar ayr\u0131ca bu lezzeti misafirlerine de ikram ediyor.  \u00c7ocuklar\u0131n yan\u0131 s\u0131ra gen\u00e7lerin vaz ge\u00e7ilmezleri aras\u0131nda yer alan \u00e7\u00f6rek bayram gelenekleri aras\u0131nda yer al\u0131yor.<\/p>\n<p>\u0130stanbul\u2019da Hukuk Fak\u00fcltesinde e\u011fitim g\u00f6ren Sevilay Eren, Ramazan bayram\u0131nda s\u0131navlar\u0131 nedeniyle gelemedi\u011fi k\u00f6y\u00fcne kurban bayram\u0131nda gelerek hasret kald\u0131\u011f\u0131 gelene\u011fi ya\u015fatmak i\u00e7in hamur a\u00e7t\u0131. Eren, hem okuyup hem de f\u0131rsat bulduk\u00e7a k\u00f6y\u00fcne gelerek ailesine yard\u0131mc\u0131 oldu\u011funu ifade ederek, \u201cGe\u00e7en bayram gelemedi\u011fim i\u00e7in koli g\u00f6ndermi\u015flerdi. Bu bayram k\u00f6y\u00fcmdeyim, bayram \u00e7\u00f6re\u011fi yaparak bu gelene\u011fi ya\u015fat\u0131yoruz\u201d dedi. \u00dcniversite \u00f6\u011frencisi Semanur Eren\u2019de k\u00f6ylerinde \u00e7\u00f6rek geleneklerini severek ya\u015fatt\u0131klar\u0131n\u0131 kaydetti. Bayram \u00e7\u00f6re\u011finin gelene\u011finin k\u00f6yleri i\u00e7in ayr\u0131 bir \u00f6nemli oldu\u011funu belirten Emine K\u0131l\u0131\u00e7 ise bayram \u00f6ncesi tatl\u0131 bir tela\u015f ya\u015fayarak birlikte \u00e7\u00f6rek yapt\u0131klar\u0131n\u0131 kaydetti.<\/p>\n","protected":false},"excerpt":{"rendered":"<p>TOKAT\u2019TA AR\u0130FE G\u00dcN\u00dc B\u0130R ARAYA GELEN K\u00d6YL\u00dcLER \u0130MECE USUL\u00dc BAYRAM \u00c7\u00d6RE\u011e\u0130 GELENE\u011e\u0130N\u0130 YA\u015eATMAYA \u00c7ALI\u015eIYOR.<\/p>\n","protected":false},"author":1,"featured_media":192583,"comment_status":"closed","ping_status":"open","sticky":false,"template":"","format":"standard","meta":{"jetpack_post_was_ever_published":false,"_jetpack_newsletter_access":"","_jetpack_dont_email_post_to_subs":false,"_jetpack_newsletter_tier_id":0,"_jetpack_memberships_contains_paywalled_content":false,"_jetpack_memberships_contains_paid_content":false,"footnotes":"","jetpack_publicize_message":"","jetpack_publicize_feature_enabled":true,"jetpack_social_post_already_shared":true,"jetpack_social_options":{"image_generator_settings":{"template":"highway","default_image_id":0,"font":"","enabled":false},"version":2}},"categories":[1],"tags":[33880,126,125,3927,44,3104,22513,15461],"class_list":["post-192582","post","type-post","status-publish","format-standard","has-post-thumbnail","hentry","category-genel","tag-bayramda","tag-araya","tag-bir","tag-geliyor","tag-icin","tag-kadinlar","tag-koylu","tag-lezzet"],"jetpack_publicize_connections":[],"jetpack_featured_media_url":"https:\/\/i0.wp.com\/www.tvturk.com\/wp-content\/uploads\/2019\/08\/bayramda-koylu-kadinlar-bu-lezzet-icin-bir-araya-geliyor_bdf9a4b.jpg?fit=1000%2C562","jetpack_sharing_enabled":true,"jetpack_shortlink":"https:\/\/wp.me\/paKIfm-O6a","_links":{"self":[{"href":"http:\/\/www.tvturk.com\/index.php\/wp-json\/wp\/v2\/posts\/192582","targetHints":{"allow":["GET"]}}],"collection":[{"href":"http:\/\/www.tvturk.com\/index.php\/wp-json\/wp\/v2\/posts"}],"about":[{"href":"http:\/\/www.tvturk.com\/index.php\/wp-json\/wp\/v2\/types\/post"}],"author":[{"embeddable":true,"href":"http:\/\/www.tvturk.com\/index.php\/wp-json\/wp\/v2\/users\/1"}],"replies":[{"embeddable":true,"href":"http:\/\/www.tvturk.com\/index.php\/wp-json\/wp\/v2\/comments?post=192582"}],"version-history":[{"count":0,"href":"http:\/\/www.tvturk.com\/index.php\/wp-json\/wp\/v2\/posts\/192582\/revisions"}],"wp:featuredmedia":[{"embeddable":true,"href":"http:\/\/www.tvturk.com\/index.php\/wp-json\/wp\/v2\/media\/192583"}],"wp:attachment":[{"href":"http:\/\/www.tvturk.com\/index.php\/wp-json\/wp\/v2\/media?parent=192582"}],"wp:term":[{"taxonomy":"category","embeddable":true,"href":"http:\/\/www.tvturk.com\/index.php\/wp-json\/wp\/v2\/categories?post=192582"},{"taxonomy":"post_tag","embeddable":true,"href":"http:\/\/www.tvturk.com\/index.php\/wp-json\/wp\/v2\/tags?post=192582"}],"curies":[{"name":"wp","href":"https:\/\/api.w.org\/{rel}","templated":true}]}}