{"id":192606,"date":"2019-08-10T14:32:50","date_gmt":"2019-08-10T11:32:50","guid":{"rendered":"http:\/\/www.tvturk.com\/index.php\/mezarlikta-aglayan-evler-fotograf-sergisi\/"},"modified":"2019-08-10T14:32:50","modified_gmt":"2019-08-10T11:32:50","slug":"mezarlikta-aglayan-evler-fotograf-sergisi","status":"publish","type":"post","link":"http:\/\/www.tvturk.com\/index.php\/mezarlikta-aglayan-evler-fotograf-sergisi\/","title":{"rendered":"Mezarl\u0131kta \u2019A\u011flayan Evler\u2019 foto\u011fraf sergisi"},"content":{"rendered":"<p>Samsun\u2019un Bafra il\u00e7esinde mezarl\u0131kta &#8220;A\u011flayan Evler&#8221; temal\u0131 foto\u011fraf sergisi a\u00e7\u0131ld\u0131.<\/p>\n<p>Umut Derne\u011fi Foto\u011fraf\u00e7\u0131l\u0131k Kul\u00fcb\u00fcnce Bafra Asri Mezarl\u0131k giri\u015f b\u00f6l\u00fcm\u00fcnde a\u00e7\u0131lan foto\u011fraf sergisini ziyaret eden vatanda\u015flar duygulu anlar yasad\u0131. Toplam 100 foto\u011fraf\u0131n yer ald\u0131\u011f\u0131 sergide bulunan Bafra\u2019n\u0131n eski ve terk edilmi\u015f sahipsiz evlerinin restore edilerek g\u00fcn\u00fcm\u00fcze kazand\u0131r\u0131lmas\u0131n\u0131 isteyen Bafra Umut Derne\u011fi Ba\u015fkan\u0131 H\u00fclya Yang\u0131n Ertekin, \u201cBafram\u0131z\u0131n ge\u00e7mi\u015fte ya\u015fanm\u0131\u015f evlerine dikkat \u00e7ekmek ama\u00e7l\u0131 sergimizi Asri Mezarl\u0131kta a\u00e7t\u0131k. Evlerin sahiplerinin \u00e7o\u011fu bu mezarl\u0131kta yat\u0131yor. K\u0131sacas\u0131 evleri sahiplerine getirdik. Bu evlerde ya\u015fam\u0131\u015f ve bir\u00e7ok an\u0131lar\u0131 hat\u0131rlayan Bafral\u0131lar\u0131n baz\u0131lar\u0131 g\u00f6zya\u015flar\u0131n\u0131 tutamad\u0131. Sergimiz sadece bir g\u00fcnl\u00fck. Herkese hay\u0131rl\u0131 bayramlar diliyorum\u201d dedi.<\/p>\n","protected":false},"excerpt":{"rendered":"<p>SAMSUN&#8217;UN BAFRA \u0130L\u00c7ES\u0130NDE MEZARLIKTA &#8220;A\u011eLAYAN EVLER&#8221; TEMALI FOTO\u011eRAF SERG\u0130S\u0130 A\u00c7ILDI.<\/p>\n","protected":false},"author":1,"featured_media":192607,"comment_status":"closed","ping_status":"open","sticky":false,"template":"","format":"standard","meta":{"jetpack_post_was_ever_published":false,"_jetpack_newsletter_access":"","_jetpack_dont_email_post_to_subs":false,"_jetpack_newsletter_tier_id":0,"_jetpack_memberships_contains_paywalled_content":false,"_jetpack_memberships_contains_paid_content":false,"footnotes":"","jetpack_publicize_message":"","jetpack_publicize_feature_enabled":true,"jetpack_social_post_already_shared":true,"jetpack_social_options":{"image_generator_settings":{"template":"highway","default_image_id":0,"font":"","enabled":false},"version":2}},"categories":[656],"tags":[33498,10906,5874,39606,1335],"class_list":["post-192606","post","type-post","status-publish","format-standard","has-post-thumbnail","hentry","category-kultur-sanat","tag-aglayan","tag-evler","tag-fotograf","tag-mezarlikta","tag-sergisi"],"jetpack_publicize_connections":[],"jetpack_featured_media_url":"https:\/\/i0.wp.com\/www.tvturk.com\/wp-content\/uploads\/2019\/08\/mezarlikta-aglayan-evler-fotograf-sergisi_8270ffd.jpg?fit=1000%2C666","jetpack_sharing_enabled":true,"jetpack_shortlink":"https:\/\/wp.me\/paKIfm-O6y","_links":{"self":[{"href":"http:\/\/www.tvturk.com\/index.php\/wp-json\/wp\/v2\/posts\/192606","targetHints":{"allow":["GET"]}}],"collection":[{"href":"http:\/\/www.tvturk.com\/index.php\/wp-json\/wp\/v2\/posts"}],"about":[{"href":"http:\/\/www.tvturk.com\/index.php\/wp-json\/wp\/v2\/types\/post"}],"author":[{"embeddable":true,"href":"http:\/\/www.tvturk.com\/index.php\/wp-json\/wp\/v2\/users\/1"}],"replies":[{"embeddable":true,"href":"http:\/\/www.tvturk.com\/index.php\/wp-json\/wp\/v2\/comments?post=192606"}],"version-history":[{"count":0,"href":"http:\/\/www.tvturk.com\/index.php\/wp-json\/wp\/v2\/posts\/192606\/revisions"}],"wp:featuredmedia":[{"embeddable":true,"href":"http:\/\/www.tvturk.com\/index.php\/wp-json\/wp\/v2\/media\/192607"}],"wp:attachment":[{"href":"http:\/\/www.tvturk.com\/index.php\/wp-json\/wp\/v2\/media?parent=192606"}],"wp:term":[{"taxonomy":"category","embeddable":true,"href":"http:\/\/www.tvturk.com\/index.php\/wp-json\/wp\/v2\/categories?post=192606"},{"taxonomy":"post_tag","embeddable":true,"href":"http:\/\/www.tvturk.com\/index.php\/wp-json\/wp\/v2\/tags?post=192606"}],"curies":[{"name":"wp","href":"https:\/\/api.w.org\/{rel}","templated":true}]}}