{"id":192626,"date":"2019-08-10T15:16:36","date_gmt":"2019-08-10T12:16:36","guid":{"rendered":"http:\/\/www.tvturk.com\/index.php\/sanliurfalilar-kurban-bayraminda-terleyecek\/"},"modified":"2019-08-10T15:16:36","modified_gmt":"2019-08-10T12:16:36","slug":"sanliurfalilar-kurban-bayraminda-terleyecek","status":"publish","type":"post","link":"http:\/\/www.tvturk.com\/index.php\/sanliurfalilar-kurban-bayraminda-terleyecek\/","title":{"rendered":"\u015eanl\u0131urfal\u0131lar Kurban Bayram\u0131nda terleyecek"},"content":{"rendered":"<p>\u015eanl\u0131urfa\u2019da Kurban bayram\u0131 boyunca hava s\u0131cakl\u0131\u011f\u0131 40 derecenin \u00fcst\u00fcnde olacak. En y\u00fcksek s\u0131cakl\u0131k ise 44 dereceyle bayram\u0131n \u00fc\u00e7\u00fcnc\u00fc g\u00fcn\u00fc ya\u015fanacak.<\/p>\n<p>\u015eanl\u0131urfa\u2019da hava s\u0131cakl\u0131\u011f\u0131 her ge\u00e7en g\u00fcn etkisini biraz daha artt\u0131r\u0131yor. Arife g\u00fcn\u00fc 42 derece olmas\u0131 beklenen hava s\u0131cakl\u0131\u011f\u0131 Kurban Bayram\u0131n\u0131n ilk g\u00fcn\u00fc yani Pazar g\u00fcn\u00fc 41 dereceye d\u00fc\u015fecek. Pazartesi 2 derece birden artmas\u0131 beklenen hava s\u0131cakl\u0131\u011f\u0131 42 derece olacak. Pazartesi g\u00fcn\u00fc ise bayram\u0131n en s\u0131cak g\u00fcn\u00fc ya\u015fanacak. Bayram\u0131n ikinci g\u00fcn\u00fc olan Pazartesi hava s\u0131cakl\u0131\u011f\u0131 44 dereceye \u00e7\u0131kacak. Bayram\u0131n son g\u00fcn\u00fc ise hava s\u0131cakl\u0131\u011f\u0131 43 derece olacak. Bayramdan sonra hava s\u0131cakl\u0131\u011f\u0131 37 dereceye kadar gerileyecek.<\/p>\n<p>Kurban Bayram\u0131 boyunca s\u0131cakl\u0131k 40 derecenin \u00fcst\u00fcnde seyredece\u011fi \u015eanl\u0131urfa\u2019da, vatanda\u015flar da bayram boyunca s\u0131cakl\u0131ktan korunmak i\u00e7in evlerinde zaman ge\u00e7ireceklerini ve s\u0131cak  havada et t\u00fcketimine dikkat edeceklerini belirtiler.<\/p>\n","protected":false},"excerpt":{"rendered":"<p>\u015eANLIURFA\u2019DA KURBAN BAYRAMI BOYUNCA HAVA SICAKLI\u011eI 40 DERECEN\u0130N \u00dcST\u00dcNDE OLACAK. EN Y\u00dcKSEK SICAKLIK \u0130SE 44 DERECEYLE BAYRAMIN \u00dc\u00c7\u00dcNC\u00dc G\u00dcN\u00dc YA\u015eANACAK.<\/p>\n","protected":false},"author":1,"featured_media":192627,"comment_status":"closed","ping_status":"open","sticky":false,"template":"","format":"standard","meta":{"jetpack_post_was_ever_published":false,"_jetpack_newsletter_access":"","_jetpack_dont_email_post_to_subs":false,"_jetpack_newsletter_tier_id":0,"_jetpack_memberships_contains_paywalled_content":false,"_jetpack_memberships_contains_paid_content":false,"footnotes":"","jetpack_publicize_message":"","jetpack_publicize_feature_enabled":true,"jetpack_social_post_already_shared":true,"jetpack_social_options":{"image_generator_settings":{"template":"highway","default_image_id":0,"font":"","enabled":false},"version":2}},"categories":[1],"tags":[24243,20956,7495,17777],"class_list":["post-192626","post","type-post","status-publish","format-standard","has-post-thumbnail","hentry","category-genel","tag-bayraminda","tag-kurban","tag-sanliurfalilar","tag-terleyecek"],"jetpack_publicize_connections":[],"jetpack_featured_media_url":"https:\/\/i0.wp.com\/www.tvturk.com\/wp-content\/uploads\/2019\/08\/sanliurfalilar-kurban-bayraminda-terleyecek_5b7f368.jpg?fit=1000%2C666","jetpack_sharing_enabled":true,"jetpack_shortlink":"https:\/\/wp.me\/paKIfm-O6S","_links":{"self":[{"href":"http:\/\/www.tvturk.com\/index.php\/wp-json\/wp\/v2\/posts\/192626","targetHints":{"allow":["GET"]}}],"collection":[{"href":"http:\/\/www.tvturk.com\/index.php\/wp-json\/wp\/v2\/posts"}],"about":[{"href":"http:\/\/www.tvturk.com\/index.php\/wp-json\/wp\/v2\/types\/post"}],"author":[{"embeddable":true,"href":"http:\/\/www.tvturk.com\/index.php\/wp-json\/wp\/v2\/users\/1"}],"replies":[{"embeddable":true,"href":"http:\/\/www.tvturk.com\/index.php\/wp-json\/wp\/v2\/comments?post=192626"}],"version-history":[{"count":0,"href":"http:\/\/www.tvturk.com\/index.php\/wp-json\/wp\/v2\/posts\/192626\/revisions"}],"wp:featuredmedia":[{"embeddable":true,"href":"http:\/\/www.tvturk.com\/index.php\/wp-json\/wp\/v2\/media\/192627"}],"wp:attachment":[{"href":"http:\/\/www.tvturk.com\/index.php\/wp-json\/wp\/v2\/media?parent=192626"}],"wp:term":[{"taxonomy":"category","embeddable":true,"href":"http:\/\/www.tvturk.com\/index.php\/wp-json\/wp\/v2\/categories?post=192626"},{"taxonomy":"post_tag","embeddable":true,"href":"http:\/\/www.tvturk.com\/index.php\/wp-json\/wp\/v2\/tags?post=192626"}],"curies":[{"name":"wp","href":"https:\/\/api.w.org\/{rel}","templated":true}]}}