{"id":192650,"date":"2019-08-10T16:02:34","date_gmt":"2019-08-10T13:02:34","guid":{"rendered":"http:\/\/www.tvturk.com\/index.php\/falcao-transferinden-ilk-sinyal-geldi\/"},"modified":"2019-08-10T16:02:34","modified_gmt":"2019-08-10T13:02:34","slug":"falcao-transferinden-ilk-sinyal-geldi","status":"publish","type":"post","link":"http:\/\/www.tvturk.com\/index.php\/falcao-transferinden-ilk-sinyal-geldi\/","title":{"rendered":"Falcao transferinden ilk sinyal geldi!"},"content":{"rendered":"<p>Galatasaray \u0130kinci Ba\u015fkan\u0131 Abdurahim Albayrak, Kolombiyal\u0131 golc\u00fc Radamel Falcao\u2019nun transfer g\u00f6r\u00fc\u015fmeleri i\u00e7in gitti\u011fi Fransa\u2019da, y\u0131ld\u0131z oyuncuyla birlikte poz verdi, taraftarlar sosyal medyay\u0131 y\u0131kt\u0131.<\/p>\n<p>Galatasaray\u2019da transferin g\u00f6zdesi Radamel Falcao konusunda s\u0131cak geli\u015fmeler ya\u015fanmaya devam ediyor. Galatasaray \u0130kinci Ba\u015fkan\u0131 Abdurrahim Albayrak, menajer Ahmet Bulut ile birlikte d\u00fcn Monako\u2019ya gitmi\u015fti. Burada Falcao\u2019nun kul\u00fcb\u00fc Monaco ile g\u00f6r\u00fc\u015fmeleri s\u00fcrd\u00fcren Albayrak, art\u0131k transfer i\u00e7in son a\u015famalara geldi.<\/p>\n<p>Monako\u2019da Falcao ile bir araya gelen Abdurrahim Albayrak\u2019\u0131n, golc\u00fc y\u0131ld\u0131zla beraber \u00e7ekildi\u011fi foto\u011fraf sar\u0131-k\u0131rm\u0131z\u0131l\u0131 taraftarlar\u0131 sevindirdi. \u0130kilinin ayn\u0131 karede yer ald\u0131\u011f\u0131 foto\u011fraf, \u00e7ok k\u0131sa s\u00fcrede sosyal medyada h\u0131zla yay\u0131ld\u0131.<\/p>\n<p>Kolombiyal\u0131 golc\u00fc ile daha \u00f6nce anla\u015fan Galatasaray, hafta ba\u015f\u0131nda y\u0131ld\u0131z futbolcuyu \u0130stanbul\u2019a getirmeyi planl\u0131yor.<\/p>\n","protected":false},"excerpt":{"rendered":"<p>GALATASARAY \u0130K\u0130NC\u0130 BA\u015eKANI ABDURAH\u0130M ALBAYRAK, KOLOMB\u0130YALI GOLC\u00dc RADAMEL FALCAO&#8217;NUN TRANSFER G\u00d6R\u00dc\u015eMELER\u0130 \u0130\u00c7\u0130N G\u0130TT\u0130\u011e\u0130 FRANSA&#8217;DA, YILDIZ OYUNCUYLA B\u0130RL\u0130KTE POZ VERD\u0130, TARAFTARLAR SOSYAL MEDYAYI YIKTI.<\/p>\n","protected":false},"author":1,"featured_media":192651,"comment_status":"closed","ping_status":"open","sticky":false,"template":"","format":"standard","meta":{"jetpack_post_was_ever_published":false,"_jetpack_newsletter_access":"","_jetpack_dont_email_post_to_subs":false,"_jetpack_newsletter_tier_id":0,"_jetpack_memberships_contains_paywalled_content":false,"_jetpack_memberships_contains_paid_content":false,"footnotes":"","jetpack_publicize_message":"","jetpack_publicize_feature_enabled":true,"jetpack_social_post_already_shared":true,"jetpack_social_options":{"image_generator_settings":{"template":"highway","default_image_id":0,"font":"","enabled":false},"version":2}},"categories":[657],"tags":[46323,127,37,48235,47173],"class_list":["post-192650","post","type-post","status-publish","format-standard","has-post-thumbnail","hentry","category-spor","tag-falcao","tag-geldi","tag-ilk","tag-sinyal","tag-transferinden"],"jetpack_publicize_connections":[],"jetpack_featured_media_url":"https:\/\/i0.wp.com\/www.tvturk.com\/wp-content\/uploads\/2019\/08\/falcao-transferinden-ilk-sinyal-geldi_49a23f6.jpg?fit=750%2C1000","jetpack_sharing_enabled":true,"jetpack_shortlink":"https:\/\/wp.me\/paKIfm-O7g","_links":{"self":[{"href":"http:\/\/www.tvturk.com\/index.php\/wp-json\/wp\/v2\/posts\/192650","targetHints":{"allow":["GET"]}}],"collection":[{"href":"http:\/\/www.tvturk.com\/index.php\/wp-json\/wp\/v2\/posts"}],"about":[{"href":"http:\/\/www.tvturk.com\/index.php\/wp-json\/wp\/v2\/types\/post"}],"author":[{"embeddable":true,"href":"http:\/\/www.tvturk.com\/index.php\/wp-json\/wp\/v2\/users\/1"}],"replies":[{"embeddable":true,"href":"http:\/\/www.tvturk.com\/index.php\/wp-json\/wp\/v2\/comments?post=192650"}],"version-history":[{"count":0,"href":"http:\/\/www.tvturk.com\/index.php\/wp-json\/wp\/v2\/posts\/192650\/revisions"}],"wp:featuredmedia":[{"embeddable":true,"href":"http:\/\/www.tvturk.com\/index.php\/wp-json\/wp\/v2\/media\/192651"}],"wp:attachment":[{"href":"http:\/\/www.tvturk.com\/index.php\/wp-json\/wp\/v2\/media?parent=192650"}],"wp:term":[{"taxonomy":"category","embeddable":true,"href":"http:\/\/www.tvturk.com\/index.php\/wp-json\/wp\/v2\/categories?post=192650"},{"taxonomy":"post_tag","embeddable":true,"href":"http:\/\/www.tvturk.com\/index.php\/wp-json\/wp\/v2\/tags?post=192650"}],"curies":[{"name":"wp","href":"https:\/\/api.w.org\/{rel}","templated":true}]}}