{"id":192722,"date":"2019-08-10T20:16:36","date_gmt":"2019-08-10T17:16:36","guid":{"rendered":"http:\/\/www.tvturk.com\/index.php\/bayramda-ekmek-israfina-dikkat\/"},"modified":"2019-08-10T20:16:36","modified_gmt":"2019-08-10T17:16:36","slug":"bayramda-ekmek-israfina-dikkat","status":"publish","type":"post","link":"http:\/\/www.tvturk.com\/index.php\/bayramda-ekmek-israfina-dikkat\/","title":{"rendered":"Bayramda ekmek israf\u0131na dikkat"},"content":{"rendered":"<p>T\u00fcm F\u0131r\u0131nc\u0131lar Federasyonu Genel Ba\u015fkan Yard\u0131mc\u0131s\u0131 H\u00fcseyin D\u00fczg\u00fcn, Kurban Bayram\u0131 \u00f6ncesi ekmek israf\u0131na kar\u015f\u0131 uyar\u0131larda bulundu.<\/p>\n<p>T\u00fcm F\u0131r\u0131nc\u0131lar Federasyonu Genel Ba\u015fkan Yard\u0131mc\u0131s\u0131 H\u00fcseyin D\u00fczg\u00fcn, T\u00fcrkiye Esnaf ve Sanatkarlar\u0131 Konfederasyonunun (TESK) ara\u015ft\u0131rmalar\u0131na g\u00f6re T\u00fcrkiye\u2019de bir y\u0131l i\u00e7inde ortalama 1 milyar 700 milyon ekme\u011fin \u00e7\u00f6pe at\u0131ld\u0131\u011f\u0131n\u0131 s\u00f6yledi.<\/p>\n<p>\u00dclkemizde g\u00fcnl\u00fck ortalama 4 milyon 900 bin ekme\u011fin \u00e7\u00f6pe at\u0131ld\u0131\u011f\u0131n\u0131n alt\u0131n\u0131n \u00e7izen D\u00fczg\u00fcn, bayram s\u00fcresi boyunca n\u00f6bet\u00e7i f\u0131r\u0131nlar vas\u0131tas\u0131yla halk\u0131n ekmek ihtiyac\u0131n\u0131n kar\u015f\u0131lanaca\u011f\u0131n\u0131 kaydederek \u201cBayram g\u00fcnlerinde ekmeklerimizi \u00e7ok daha fazla israf ediyoruz. Bayram\u0131n birinci g\u00fcn\u00fcnden itibaren son g\u00fcn\u00fcne kadar n\u00f6bet\u00e7i f\u0131r\u0131nlar\u0131m\u0131z var. Bu durumda halk\u0131m\u0131z\u0131n \u00f6zellikle israf konusuna dikkat etmesini \u00f6zellikle rica ediyorum\u201d dedi.<\/p>\n<p>Ekmek israf\u0131n\u0131n T\u00fcrkiye\u2019de \u00e7\u00f6z\u00fclmesi gereken sorunlar\u0131n ba\u015f\u0131nda yer ald\u0131\u011f\u0131n\u0131 dile getiren D\u00fczg\u00fcn, g\u0131da israf\u0131n\u0131 en aza indirmek i\u00e7in okullarda veya \u00fclke genelinde kampanyalar yap\u0131larak kamu spotlar\u0131 olu\u015fturulmas\u0131 gerekti\u011fini de s\u00f6zlerine ekledi.<\/p>\n","protected":false},"excerpt":{"rendered":"<p>T\u00dcM FIRINCILAR FEDERASYONU GENEL BA\u015eKAN YARDIMCISI H\u00dcSEY\u0130N D\u00dcZG\u00dcN, KURBAN BAYRAMI \u00d6NCES\u0130 EKMEK \u0130SRAFINA KAR\u015eI UYARILARDA BULUNDU.<\/p>\n","protected":false},"author":1,"featured_media":192723,"comment_status":"closed","ping_status":"open","sticky":false,"template":"","format":"standard","meta":{"jetpack_post_was_ever_published":false,"_jetpack_newsletter_access":"","_jetpack_dont_email_post_to_subs":false,"_jetpack_newsletter_tier_id":0,"_jetpack_memberships_contains_paywalled_content":false,"_jetpack_memberships_contains_paid_content":false,"footnotes":"","jetpack_publicize_message":"","jetpack_publicize_feature_enabled":true,"jetpack_social_post_already_shared":true,"jetpack_social_options":{"image_generator_settings":{"template":"highway","default_image_id":0,"font":"","enabled":false},"version":2}},"categories":[1],"tags":[33880,1440,4635,12563],"class_list":["post-192722","post","type-post","status-publish","format-standard","has-post-thumbnail","hentry","category-genel","tag-bayramda","tag-dikkat","tag-ekmek","tag-israfina"],"jetpack_publicize_connections":[],"jetpack_featured_media_url":"https:\/\/i0.wp.com\/www.tvturk.com\/wp-content\/uploads\/2019\/08\/bayramda-ekmek-israfina-dikkat_6489640.jpg?fit=660%2C370","jetpack_sharing_enabled":true,"jetpack_shortlink":"https:\/\/wp.me\/paKIfm-O8q","_links":{"self":[{"href":"http:\/\/www.tvturk.com\/index.php\/wp-json\/wp\/v2\/posts\/192722","targetHints":{"allow":["GET"]}}],"collection":[{"href":"http:\/\/www.tvturk.com\/index.php\/wp-json\/wp\/v2\/posts"}],"about":[{"href":"http:\/\/www.tvturk.com\/index.php\/wp-json\/wp\/v2\/types\/post"}],"author":[{"embeddable":true,"href":"http:\/\/www.tvturk.com\/index.php\/wp-json\/wp\/v2\/users\/1"}],"replies":[{"embeddable":true,"href":"http:\/\/www.tvturk.com\/index.php\/wp-json\/wp\/v2\/comments?post=192722"}],"version-history":[{"count":0,"href":"http:\/\/www.tvturk.com\/index.php\/wp-json\/wp\/v2\/posts\/192722\/revisions"}],"wp:featuredmedia":[{"embeddable":true,"href":"http:\/\/www.tvturk.com\/index.php\/wp-json\/wp\/v2\/media\/192723"}],"wp:attachment":[{"href":"http:\/\/www.tvturk.com\/index.php\/wp-json\/wp\/v2\/media?parent=192722"}],"wp:term":[{"taxonomy":"category","embeddable":true,"href":"http:\/\/www.tvturk.com\/index.php\/wp-json\/wp\/v2\/categories?post=192722"},{"taxonomy":"post_tag","embeddable":true,"href":"http:\/\/www.tvturk.com\/index.php\/wp-json\/wp\/v2\/tags?post=192722"}],"curies":[{"name":"wp","href":"https:\/\/api.w.org\/{rel}","templated":true}]}}