{"id":192740,"date":"2019-08-11T05:15:55","date_gmt":"2019-08-11T02:15:55","guid":{"rendered":"http:\/\/www.tvturk.com\/index.php\/canakkalede-yangin-sondurme-calismalari-araliksiz-suruyor\/"},"modified":"2019-08-11T05:15:55","modified_gmt":"2019-08-11T02:15:55","slug":"canakkalede-yangin-sondurme-calismalari-araliksiz-suruyor","status":"publish","type":"post","link":"http:\/\/www.tvturk.com\/index.php\/canakkalede-yangin-sondurme-calismalari-araliksiz-suruyor\/","title":{"rendered":"\u00c7anakkale\u2019de yang\u0131n s\u00f6nd\u00fcrme \u00e7al\u0131\u015fmalar\u0131 aral\u0131ks\u0131z s\u00fcr\u00fcyor"},"content":{"rendered":"<p>\u00c7anakkale\u2019nin Eceabat il\u00e7esine ba\u011fl\u0131 Behraml\u0131 k\u00f6y\u00fc yak\u0131nlar\u0131ndaki arazide \u00e7\u0131kan yang\u0131n saatlerdir kontrol alt\u0131na al\u0131nam\u0131yor. \u0130tfaiye ekiplerinin s\u00f6nd\u00fcrme \u00e7al\u0131\u015fmalar\u0131 aral\u0131ks\u0131z s\u00fcr\u00fcyor.<\/p>\n<p>Behraml\u0131 k\u00f6y\u00fcne yakla\u015f\u0131k 2 bu\u00e7uk kilometre uzakl\u0131ktaki arazide ak\u015fam 22:30 sular\u0131nda ufak \u00e7apta ba\u015flad\u0131\u011f\u0131 belirtilen yang\u0131n, \u015fiddetli r\u00fczgar\u0131n etkisiyle k\u0131sa s\u00fcrede b\u00fcy\u00fcm\u00fc\u015ft\u00fc. Yang\u0131n sonras\u0131 \u00c7anakkale \u0130skelesinden Gesta\u015f feribotlar\u0131 ile \u00e7ok say\u0131da itfaiye ekibi b\u00f6lgeye sevk edildi. \u00c7evre illerden de itfaiye ekipleri b\u00f6lgeye gelerek \u00e7al\u0131\u015fmalara destek veriyor. Aral\u0131ks\u0131z devam yang\u0131n s\u00f6nd\u00fcrme \u00e7al\u0131\u015fmalar\u0131na ra\u011fmen, kuvvetli \u015fekilde esmeye devam eden r\u00fczgar sebebiyle yang\u0131n kontrol alt\u0131na al\u0131nam\u0131yor. Zaman zaman 30 metreye kadar y\u00fckseldi\u011fi g\u00f6r\u00fclen alevler, k\u00f6yl\u00fcler taraf\u0131ndan da korkuyla takip ediliyor.<\/p>\n<p>Gece saatleri olmas\u0131 sebebiyle helikopter ile m\u00fcdahale edilemeyen yang\u0131n\u0131 itfaiye ekipleri karadan s\u00f6nd\u00fcrmeye ve daha da b\u00fcy\u00fcmesini engellemeye \u00e7al\u0131\u015f\u0131yor. \u00c7anakkale Valisi Orhan Tavl\u0131 da yang\u0131n haberinin duyulmas\u0131 sonras\u0131 b\u00f6lgeye gelerek geli\u015fmeleri yak\u0131ndan takip ediyor.<\/p>\n","protected":false},"excerpt":{"rendered":"<p>\u00c7ANAKKALE\u2019N\u0130N ECEABAT \u0130L\u00c7ES\u0130NE BA\u011eLI BEHRAMLI K\u00d6Y\u00dc YAKINLARINDAK\u0130 ARAZ\u0130DE \u00c7IKAN YANGIN SAATLERD\u0130R KONTROL ALTINA ALINAMIYOR. \u0130TFA\u0130YE EK\u0130PLER\u0130N\u0130N S\u00d6ND\u00dcRME \u00c7ALI\u015eMALARI ARALIKSIZ S\u00dcR\u00dcYOR.<\/p>\n","protected":false},"author":1,"featured_media":192741,"comment_status":"closed","ping_status":"open","sticky":false,"template":"","format":"standard","meta":{"jetpack_post_was_ever_published":false,"_jetpack_newsletter_access":"","_jetpack_dont_email_post_to_subs":false,"_jetpack_newsletter_tier_id":0,"_jetpack_memberships_contains_paywalled_content":false,"_jetpack_memberships_contains_paid_content":false,"footnotes":"","jetpack_publicize_message":"","jetpack_publicize_feature_enabled":true,"jetpack_social_post_already_shared":true,"jetpack_social_options":{"image_generator_settings":{"template":"highway","default_image_id":0,"font":"","enabled":false},"version":2}},"categories":[1],"tags":[5433,310,8544,20615,1836,1617],"class_list":["post-192740","post","type-post","status-publish","format-standard","has-post-thumbnail","hentry","category-genel","tag-araliksiz","tag-calismalari","tag-canakkalede","tag-sondurme","tag-suruyor","tag-yangin"],"jetpack_publicize_connections":[],"jetpack_featured_media_url":"https:\/\/i0.wp.com\/www.tvturk.com\/wp-content\/uploads\/2019\/08\/canakkalede-yangin-sondurme-calismalari-araliksiz-suruyor_184ad8f.jpg?fit=1000%2C562","jetpack_sharing_enabled":true,"jetpack_shortlink":"https:\/\/wp.me\/paKIfm-O8I","_links":{"self":[{"href":"http:\/\/www.tvturk.com\/index.php\/wp-json\/wp\/v2\/posts\/192740","targetHints":{"allow":["GET"]}}],"collection":[{"href":"http:\/\/www.tvturk.com\/index.php\/wp-json\/wp\/v2\/posts"}],"about":[{"href":"http:\/\/www.tvturk.com\/index.php\/wp-json\/wp\/v2\/types\/post"}],"author":[{"embeddable":true,"href":"http:\/\/www.tvturk.com\/index.php\/wp-json\/wp\/v2\/users\/1"}],"replies":[{"embeddable":true,"href":"http:\/\/www.tvturk.com\/index.php\/wp-json\/wp\/v2\/comments?post=192740"}],"version-history":[{"count":0,"href":"http:\/\/www.tvturk.com\/index.php\/wp-json\/wp\/v2\/posts\/192740\/revisions"}],"wp:featuredmedia":[{"embeddable":true,"href":"http:\/\/www.tvturk.com\/index.php\/wp-json\/wp\/v2\/media\/192741"}],"wp:attachment":[{"href":"http:\/\/www.tvturk.com\/index.php\/wp-json\/wp\/v2\/media?parent=192740"}],"wp:term":[{"taxonomy":"category","embeddable":true,"href":"http:\/\/www.tvturk.com\/index.php\/wp-json\/wp\/v2\/categories?post=192740"},{"taxonomy":"post_tag","embeddable":true,"href":"http:\/\/www.tvturk.com\/index.php\/wp-json\/wp\/v2\/tags?post=192740"}],"curies":[{"name":"wp","href":"https:\/\/api.w.org\/{rel}","templated":true}]}}