{"id":192744,"date":"2019-08-11T08:16:00","date_gmt":"2019-08-11T05:16:00","guid":{"rendered":"http:\/\/www.tvturk.com\/index.php\/binlerce-vatandas-bayram-namazi-icin-eyup-sultan-camiine-akin-etti\/"},"modified":"2019-08-11T08:16:00","modified_gmt":"2019-08-11T05:16:00","slug":"binlerce-vatandas-bayram-namazi-icin-eyup-sultan-camiine-akin-etti","status":"publish","type":"post","link":"http:\/\/www.tvturk.com\/index.php\/binlerce-vatandas-bayram-namazi-icin-eyup-sultan-camiine-akin-etti\/","title":{"rendered":"Binlerce vatanda\u015f bayram namaz\u0131 i\u00e7in Ey\u00fcp Sultan Camii\u2019ne ak\u0131n etti"},"content":{"rendered":"<p>Kurban Bayram\u0131 namaz\u0131nda binlerce vatanda\u015f Ey\u00fcp Sultan Camii\u2019ne ak\u0131n etti. Cemaat d\u0131\u015f avluya ta\u015farken, yo\u011funluk havadan g\u00f6r\u00fcnt\u00fclendi.<\/p>\n<p>Kurban Bayram\u0131 namaz\u0131nda binlerce vatanda\u015f Ey\u00fcp Sultan Camii\u2019ni doldurdu. Bayram namaz\u0131na kat\u0131l\u0131m yo\u011fun olurken caminin i\u00e7inin dolmas\u0131yla cemaat d\u0131\u015f avluda has\u0131rlar \u00fczerinde namaz\u0131n\u0131 k\u0131ld\u0131. Namaz sonras\u0131 vatanda\u015flar dua etti, birbirleriyle bayramla\u015ft\u0131.<\/p>\n<p>Ey\u00fcp Sultan Camii\u2019ndeki yo\u011funluk havadan da g\u00f6r\u00fcnt\u00fclendi.<\/p>\n","protected":false},"excerpt":{"rendered":"<p>KURBAN BAYRAMI NAMAZINDA B\u0130NLERCE VATANDA\u015e EY\u00dcP SULTAN CAM\u0130\u0130\u2019NE AKIN ETT\u0130. CEMAAT DI\u015e AVLUYA TA\u015eARKEN, YO\u011eUNLUK HAVADAN G\u00d6R\u00dcNT\u00dcLEND\u0130.<\/p>\n","protected":false},"author":1,"featured_media":192745,"comment_status":"closed","ping_status":"open","sticky":false,"template":"","format":"standard","meta":{"jetpack_post_was_ever_published":false,"_jetpack_newsletter_access":"","_jetpack_dont_email_post_to_subs":false,"_jetpack_newsletter_tier_id":0,"_jetpack_memberships_contains_paywalled_content":false,"_jetpack_memberships_contains_paid_content":false,"footnotes":"","jetpack_publicize_message":"","jetpack_publicize_feature_enabled":true,"jetpack_social_post_already_shared":true,"jetpack_social_options":{"image_generator_settings":{"template":"highway","default_image_id":0,"font":"","enabled":false},"version":2}},"categories":[1],"tags":[328,23995,3818,10716,207,20004,44,7174,3231,1626],"class_list":["post-192744","post","type-post","status-publish","format-standard","has-post-thumbnail","hentry","category-genel","tag-akin","tag-bayram","tag-binlerce","tag-camiine","tag-etti","tag-eyup","tag-icin","tag-namazi","tag-sultan","tag-vatandas"],"jetpack_publicize_connections":[],"jetpack_featured_media_url":"https:\/\/i0.wp.com\/www.tvturk.com\/wp-content\/uploads\/2019\/08\/binlerce-vatandas-bayram-namazi-icin-eyup-sultan-camiine-akin-etti_67d2f8e.jpg?fit=1000%2C562","jetpack_sharing_enabled":true,"jetpack_shortlink":"https:\/\/wp.me\/paKIfm-O8M","_links":{"self":[{"href":"http:\/\/www.tvturk.com\/index.php\/wp-json\/wp\/v2\/posts\/192744","targetHints":{"allow":["GET"]}}],"collection":[{"href":"http:\/\/www.tvturk.com\/index.php\/wp-json\/wp\/v2\/posts"}],"about":[{"href":"http:\/\/www.tvturk.com\/index.php\/wp-json\/wp\/v2\/types\/post"}],"author":[{"embeddable":true,"href":"http:\/\/www.tvturk.com\/index.php\/wp-json\/wp\/v2\/users\/1"}],"replies":[{"embeddable":true,"href":"http:\/\/www.tvturk.com\/index.php\/wp-json\/wp\/v2\/comments?post=192744"}],"version-history":[{"count":0,"href":"http:\/\/www.tvturk.com\/index.php\/wp-json\/wp\/v2\/posts\/192744\/revisions"}],"wp:featuredmedia":[{"embeddable":true,"href":"http:\/\/www.tvturk.com\/index.php\/wp-json\/wp\/v2\/media\/192745"}],"wp:attachment":[{"href":"http:\/\/www.tvturk.com\/index.php\/wp-json\/wp\/v2\/media?parent=192744"}],"wp:term":[{"taxonomy":"category","embeddable":true,"href":"http:\/\/www.tvturk.com\/index.php\/wp-json\/wp\/v2\/categories?post=192744"},{"taxonomy":"post_tag","embeddable":true,"href":"http:\/\/www.tvturk.com\/index.php\/wp-json\/wp\/v2\/tags?post=192744"}],"curies":[{"name":"wp","href":"https:\/\/api.w.org\/{rel}","templated":true}]}}