{"id":192754,"date":"2019-08-11T09:46:06","date_gmt":"2019-08-11T06:46:06","guid":{"rendered":"http:\/\/www.tvturk.com\/index.php\/japonyada-kurban-bayrami-coskusu\/"},"modified":"2019-08-11T09:46:06","modified_gmt":"2019-08-11T06:46:06","slug":"japonyada-kurban-bayrami-coskusu","status":"publish","type":"post","link":"http:\/\/www.tvturk.com\/index.php\/japonyada-kurban-bayrami-coskusu\/","title":{"rendered":"Japonya\u2019da Kurban Bayram\u0131 co\u015fkusu"},"content":{"rendered":"<p>Japonya\u2019da ya\u015fayan M\u00fcsl\u00fcmanlar, Kurban Bayram\u0131 namaz\u0131 i\u00e7in Tokyo Camii\u2019ne ak\u0131n etti. Yo\u011fun kat\u0131l\u0131m nedeniyle cami dolunca, bayram namaz\u0131 iki kez k\u0131l\u0131nd\u0131.<\/p>\n<p>Kurban Bayram\u0131\u2019n\u0131n ilk g\u00fcn\u00fcnde, Japonya\u2019n\u0131n ba\u015fkenti Tokyo\u2019da ya\u015fayan binlerce M\u00fcsl\u00fcman Tokyo Camii\u2019nde bayram namaz\u0131 k\u0131ld\u0131. Yo\u011fun kat\u0131l\u0131m nedeniyle Tokyo Camii\u2019nin \u00f6n\u00fcnde uzun kuyruklar olu\u015furken, caminin dolmas\u0131 nedeniyle bayram namaz\u0131 iki k\u0131z k\u0131l\u0131nd\u0131. Cemaatin bayram namaz\u0131na yo\u011fun kat\u0131l\u0131m g\u00f6sterdi\u011fini belirten Tokyo Camii \u0130mam\u0131 Muhammed Ra\u015fit Alas, &#8220;Kurban Bayram\u0131\u2019n\u0131n birinci g\u00fcn\u00fcndeyiz. Her renkten, her co\u011frafyadan karde\u015flerimiz buraya gelerek bizimle birlikte bayram namaz\u0131 sevincine  ortak oldular. 4 binden fazla ki\u015fi ile iki kez namaz k\u0131l\u0131nd\u0131&#8221; dedi.<\/p>\n<p>\u0130\u015f nedeniyle Japonya\u2019da ya\u015fayan Hasan At\u0131lgan da, Kurban Bayram\u0131\u2019n\u0131 herkesin huzur i\u00e7inde ge\u00e7irmesini dileyerek, &#8220;Biz burada gurbetteyiz. Allah, burada bizimle beraber olan t\u00fcm karde\u015flerimize bu bayram\u0131n tekrar\u0131n\u0131 g\u00f6rmeyi nasip eylesin. Memleketimize de Japonya\u2019dan selamlar&#8221; \u015feklinde konu\u015ftu.<\/p>\n<p>Japonya\u2019da ya\u015fayan Ya\u015far Polat da gurbette olmalar\u0131 nedeniyle bayramda aile \u00f6zlemi i\u00e7inde oldu\u011funu ifade ederek, &#8220;Japonya\u2019dan t\u00fcm \u0130slam aleminin Kurban Bayram\u0131\u2019n\u0131 en i\u00e7ten dileklerimizle kutlar\u0131z. Japonya\u2019dan herkese sevgiler ve selamlar. Ailemizi \u00e7ok \u00f6zledik, onlar\u0131n da bayram\u0131n\u0131 kutluyoruz. Nice mutlu bayramlara&#8221; dedi.<\/p>\n","protected":false},"excerpt":{"rendered":"<p>JAPONYA&#8217;DA YA\u015eAYAN M\u00dcSL\u00dcMANLAR, KURBAN BAYRAMI NAMAZI \u0130\u00c7\u0130N TOKYO CAM\u0130\u0130&#8217;NE AKIN ETT\u0130.<\/p>\n","protected":false},"author":1,"featured_media":192755,"comment_status":"closed","ping_status":"open","sticky":false,"template":"","format":"standard","meta":{"jetpack_post_was_ever_published":false,"_jetpack_newsletter_access":"","_jetpack_dont_email_post_to_subs":false,"_jetpack_newsletter_tier_id":0,"_jetpack_memberships_contains_paywalled_content":false,"_jetpack_memberships_contains_paid_content":false,"footnotes":"","jetpack_publicize_message":"","jetpack_publicize_feature_enabled":true,"jetpack_social_post_already_shared":true,"jetpack_social_options":{"image_generator_settings":{"template":"highway","default_image_id":0,"font":"","enabled":false},"version":2}},"categories":[10],"tags":[6193,6596,15716,20956],"class_list":["post-192754","post","type-post","status-publish","format-standard","has-post-thumbnail","hentry","category-dunya","tag-bayrami","tag-coskusu","tag-japonyada","tag-kurban"],"jetpack_publicize_connections":[],"jetpack_featured_media_url":"https:\/\/i0.wp.com\/www.tvturk.com\/wp-content\/uploads\/2019\/08\/japonyada-kurban-bayrami-coskusu_2f9b459.jpg?fit=1000%2C666","jetpack_sharing_enabled":true,"jetpack_shortlink":"https:\/\/wp.me\/paKIfm-O8W","_links":{"self":[{"href":"http:\/\/www.tvturk.com\/index.php\/wp-json\/wp\/v2\/posts\/192754","targetHints":{"allow":["GET"]}}],"collection":[{"href":"http:\/\/www.tvturk.com\/index.php\/wp-json\/wp\/v2\/posts"}],"about":[{"href":"http:\/\/www.tvturk.com\/index.php\/wp-json\/wp\/v2\/types\/post"}],"author":[{"embeddable":true,"href":"http:\/\/www.tvturk.com\/index.php\/wp-json\/wp\/v2\/users\/1"}],"replies":[{"embeddable":true,"href":"http:\/\/www.tvturk.com\/index.php\/wp-json\/wp\/v2\/comments?post=192754"}],"version-history":[{"count":0,"href":"http:\/\/www.tvturk.com\/index.php\/wp-json\/wp\/v2\/posts\/192754\/revisions"}],"wp:featuredmedia":[{"embeddable":true,"href":"http:\/\/www.tvturk.com\/index.php\/wp-json\/wp\/v2\/media\/192755"}],"wp:attachment":[{"href":"http:\/\/www.tvturk.com\/index.php\/wp-json\/wp\/v2\/media?parent=192754"}],"wp:term":[{"taxonomy":"category","embeddable":true,"href":"http:\/\/www.tvturk.com\/index.php\/wp-json\/wp\/v2\/categories?post=192754"},{"taxonomy":"post_tag","embeddable":true,"href":"http:\/\/www.tvturk.com\/index.php\/wp-json\/wp\/v2\/tags?post=192754"}],"curies":[{"name":"wp","href":"https:\/\/api.w.org\/{rel}","templated":true}]}}