{"id":192756,"date":"2019-08-11T09:46:16","date_gmt":"2019-08-11T06:46:16","guid":{"rendered":"http:\/\/www.tvturk.com\/index.php\/kurban-bayrami-baskentte-coskuyla-karsilandi\/"},"modified":"2019-08-11T09:46:16","modified_gmt":"2019-08-11T06:46:16","slug":"kurban-bayrami-baskentte-coskuyla-karsilandi","status":"publish","type":"post","link":"http:\/\/www.tvturk.com\/index.php\/kurban-bayrami-baskentte-coskuyla-karsilandi\/","title":{"rendered":"Kurban bayram\u0131, Ba\u015fkent\u2019te \u00e7o\u015fkuyla kar\u015f\u0131land\u0131"},"content":{"rendered":"<p>Kurban bayram\u0131, Ba\u015fkent\u2019te sevin\u00e7le kar\u015f\u0131land\u0131. Ankaral\u0131 vatanda\u015flar bayram namaz\u0131 i\u00e7in camilere ko\u015ftu. Diyanet \u0130\u015fleri Ba\u015fkanl\u0131\u011f\u0131\u2019n\u0131n t\u00fcm camilerde okunan bayram namaz\u0131 hutbesini vatanda\u015flar dikkatle dinledi.<\/p>\n<p>T\u00fcrkiye\u2019nin d\u00f6rt bir yan\u0131nda oldu\u011fu gibi, Ba\u015fkent Ankara\u2019da g\u00fcne bayram namaz\u0131yla ba\u015flad\u0131. Kurban Bayram\u0131 i\u00e7in 7\u2019den 70\u2019e bir\u00e7ok vatanda\u015f camilere ak\u0131n ederken, Kocatepe Camii de her bayramda oldu\u011fu gibi yine vatanda\u015f\u0131n yo\u011fun ilgi g\u00f6sterdi\u011fi cami oldu. Endonezya, Somali, Yemen, Libya, Gana, Nijerya, Afganistan gibi M\u00fcsl\u00fcman \u00fclkelerin vatanda\u015flar\u0131 da Kocatepe Camii\u2019ni tercih etti. K\u0131l\u0131nan bayram namaz\u0131 ve okunan hutbenin ard\u0131ndan camide bayramla\u015fma ba\u015flad\u0131.<\/p>\n<p>Bir\u00e7ok vatanda\u015f birbiriyle bayramla\u015f\u0131rken, \u00e7i\u00e7ek\u00e7i ve simit\u00e7iler cami bah\u00e7esinin d\u0131\u015f\u0131nda yerini ald\u0131. Cami giri\u015fi adeta \u00e7i\u00e7ek bah\u00e7esine d\u00f6nd\u00fc. Vatanda\u015flar namaz\u0131n ard\u0131ndan \u00e7i\u00e7ek\u00e7ilere yo\u011fun ilgi g\u00f6sterdi. Yeti\u015fkinler ve minikler sevdikleri i\u00e7in \u00e7i\u00e7ek ald\u0131. Kocatepe Camisinin \u00e7evresini mesken tutan simit\u00e7iler de vatanda\u015flar\u0131n ilgisiyle kar\u015f\u0131la\u015ft\u0131. Namaz\u0131 k\u0131lan baz\u0131 vatanda\u015flar cami avlusunda foto\u011fraf \u00e7ektirdi.<\/p>\n<p>Bayram namaz\u0131n\u0131 Kocatepe Camii\u2019nde k\u0131lan vatanda\u015flar Kurban Bayram\u0131\u2019nda sevdikleriyle huzurlu ve mutlu bir bayram ge\u00e7irmek istediklerini dile getirdi. Bayramda, ailelerini ziyaret edeceklerini belirten vatanda\u015flar Kurban Bayram\u0131\u2019n\u0131n t\u00fcm \u0130slam Alemine hay\u0131rlar getirmesini temenni etti.<\/p>\n<p>Somalili Abdiwahab Isak Hassan ise Trabzon\u2019da \u00f6\u011frenci oldu\u011funu Somaliden \u2018geldi\u011fini belirterek, \u201cAnkara\u2019da akrabalar\u0131m var. Akrabalar\u0131m ile bayramla\u015ft\u0131m. Aileme de uzak kald\u0131\u011f\u0131m i\u00e7in \u015fuan buradan onlar\u0131n da Kurban Bayramlar\u0131n\u0131 tebrik ediyorum. T\u00fcm \u0130slam Aleminin Bayram\u0131n\u0131 tebrik ediyorum\u201d dedi.<\/p>\n<p>Endonezya\u2019dan gelen bir grup ise bayram namazlar\u0131n\u0131 Kocatepe Camii\u2019nde k\u0131larak kendi aralar\u0131nda bayramlar\u0131n\u0131 tebrik etti. Ailelerinden uzak olduklar\u0131n\u0131, daha sonra g\u00f6r\u00fcnt\u00fcl\u00fc konu\u015farak onlar\u0131nda bayramlar\u0131n\u0131 tebrik edeceklerini ve Ankara\u2019da \u00f6\u011frenci olduklar\u0131n\u0131 belirten gen\u00e7ler, t\u00fcm \u0130slam Aleminin bayram\u0131n\u0131 kutlayarak \u201cHerkesin bayram\u0131 kutlu olsun\u201d ifadelerini kulland\u0131.<\/p>\n","protected":false},"excerpt":{"rendered":"<p>KURBAN BAYRAMI, BA\u015eKENT&#8217;TE SEV\u0130N\u00c7LE KAR\u015eILANDI. ANKARALI VATANDA\u015eLAR BAYRAM NAMAZI \u0130\u00c7\u0130N CAM\u0130LERE KO\u015eTU. D\u0130YANET \u0130\u015eLER\u0130 BA\u015eKANLI\u011eI&#8217;NIN T\u00dcM CAM\u0130LERDE OKUNAN BAYRAM NAMAZI HUTBES\u0130N\u0130 VATANDA\u015eLAR D\u0130KKATLE D\u0130NLED\u0130.<\/p>\n","protected":false},"author":1,"featured_media":192757,"comment_status":"closed","ping_status":"open","sticky":false,"template":"","format":"standard","meta":{"jetpack_post_was_ever_published":false,"_jetpack_newsletter_access":"","_jetpack_dont_email_post_to_subs":false,"_jetpack_newsletter_tier_id":0,"_jetpack_memberships_contains_paywalled_content":false,"_jetpack_memberships_contains_paid_content":false,"footnotes":"","jetpack_publicize_message":"","jetpack_publicize_feature_enabled":true,"jetpack_social_post_already_shared":true,"jetpack_social_options":{"image_generator_settings":{"template":"highway","default_image_id":0,"font":"","enabled":false},"version":2}},"categories":[1],"tags":[5434,6193,3205,3206,20956],"class_list":["post-192756","post","type-post","status-publish","format-standard","has-post-thumbnail","hentry","category-genel","tag-baskentte","tag-bayrami","tag-coskuyla","tag-karsilandi","tag-kurban"],"jetpack_publicize_connections":[],"jetpack_featured_media_url":"https:\/\/i0.wp.com\/www.tvturk.com\/wp-content\/uploads\/2019\/08\/kurban-bayrami-baskentte-coskuyla-karsilandi_2bf907a.jpg?fit=1000%2C750","jetpack_sharing_enabled":true,"jetpack_shortlink":"https:\/\/wp.me\/paKIfm-O8Y","_links":{"self":[{"href":"http:\/\/www.tvturk.com\/index.php\/wp-json\/wp\/v2\/posts\/192756","targetHints":{"allow":["GET"]}}],"collection":[{"href":"http:\/\/www.tvturk.com\/index.php\/wp-json\/wp\/v2\/posts"}],"about":[{"href":"http:\/\/www.tvturk.com\/index.php\/wp-json\/wp\/v2\/types\/post"}],"author":[{"embeddable":true,"href":"http:\/\/www.tvturk.com\/index.php\/wp-json\/wp\/v2\/users\/1"}],"replies":[{"embeddable":true,"href":"http:\/\/www.tvturk.com\/index.php\/wp-json\/wp\/v2\/comments?post=192756"}],"version-history":[{"count":0,"href":"http:\/\/www.tvturk.com\/index.php\/wp-json\/wp\/v2\/posts\/192756\/revisions"}],"wp:featuredmedia":[{"embeddable":true,"href":"http:\/\/www.tvturk.com\/index.php\/wp-json\/wp\/v2\/media\/192757"}],"wp:attachment":[{"href":"http:\/\/www.tvturk.com\/index.php\/wp-json\/wp\/v2\/media?parent=192756"}],"wp:term":[{"taxonomy":"category","embeddable":true,"href":"http:\/\/www.tvturk.com\/index.php\/wp-json\/wp\/v2\/categories?post=192756"},{"taxonomy":"post_tag","embeddable":true,"href":"http:\/\/www.tvturk.com\/index.php\/wp-json\/wp\/v2\/tags?post=192756"}],"curies":[{"name":"wp","href":"https:\/\/api.w.org\/{rel}","templated":true}]}}