{"id":192760,"date":"2019-08-11T09:46:26","date_gmt":"2019-08-11T06:46:26","guid":{"rendered":"http:\/\/www.tvturk.com\/index.php\/ozel-erenin-sehit-dustugu-yerdeki-toprak-bursada-fidan-yetistirecek\/"},"modified":"2019-08-11T09:46:26","modified_gmt":"2019-08-11T06:46:26","slug":"ozel-erenin-sehit-dustugu-yerdeki-toprak-bursada-fidan-yetistirecek","status":"publish","type":"post","link":"http:\/\/www.tvturk.com\/index.php\/ozel-erenin-sehit-dustugu-yerdeki-toprak-bursada-fidan-yetistirecek\/","title":{"rendered":"(\u00d6zel) Eren\u2019in \u015fehit d\u00fc\u015ft\u00fc\u011f\u00fc yerdeki toprak Bursa\u2019da fidan yeti\u015ftirecek"},"content":{"rendered":"<p>Bu sene \u015fehadetin 2. y\u0131l d\u00f6n\u00fcm\u00fc Kurban Bayram\u0131n\u0131n ilk g\u00fcn\u00fcne denk gelen \u015eehit Eren B\u00fclb\u00fcl\u2019\u00fc Bursa AK Parti Gen\u00e7lik Te\u015fkilat\u0131 unutmad\u0131. Eren B\u00fclb\u00fcl\u2019\u00fcn evini ailesini kabrini ve \u015fehit d\u00fc\u015ft\u00fc\u011f\u00fc b\u00f6lgeyi ziyaret eden Bursal\u0131 gen\u00e7ler Eren\u2019in \u015fehit d\u00fc\u015ft\u00fc\u011f\u00fc topraktan Bursa\u2019ya getirip fidan yeti\u015ftirmeyi planl\u0131yor.<\/p>\n<p>Trabzon\u2019un Ma\u00e7ka il\u00e7esi k\u0131rsal\u0131nda, 11 A\u011fustos 2017\u2019de b\u00f6l\u00fcc\u00fc ter\u00f6r \u00f6rg\u00fct\u00fc mensuplar\u0131yla sa\u011flanan s\u0131cak temas s\u0131ras\u0131nda \u015fehit olan Eren B\u00fclb\u00fcl\u2019\u00fc Bursal\u0131lar unutmad\u0131. AK Parti Bursa Osmangazi Gen\u00e7lik Kollar\u0131 Ba\u015fkan\u0131 Hakan K\u00f6pr\u00fcl\u00fco\u011fullar\u0131 ve 10 ki\u015filik y\u00f6netim kurulu \u00fcyeleri Trabzon Ma\u00e7ka\u2019da bulunan Eren B\u00fclb\u00fcl\u2019\u00fcn kabri ve ailesini ziyaret etti. Ekip, Eren\u2019in \u015fehit d\u00fc\u015ft\u00fc\u011f\u00fc yerden toprak al\u0131p Bursa\u2019ya getirdi. Bursa\u2019da getirdikleri o toprakla fidan kampanyas\u0131 ba\u015flatmak istediklerini s\u00f6ylediler. \u2019Bir fidan dik ad\u0131 Eren olsun, toprakla bulu\u015fsun, Erenler var olsun\u2019 ad\u0131n\u0131 verdikleri kampanya i\u00e7in harekete ge\u00e7en Ak Parti Osmangazi Gen\u00e7lik Kollar\u0131 Osmangazi il\u00e7esi s\u0131n\u0131rlar\u0131 i\u00e7erisinde tahsis edilen yerde fidanl\u0131k olu\u015fturacak.<\/p>\n<p>AK Parti Bursa Osmangazi Gen\u00e7lik Kollar\u0131 Ba\u015fkan\u0131 Hakan K\u00f6pr\u00fcl\u00fco\u011fullar\u0131, &#8220;Bu kampanyay\u0131 hayata ge\u00e7irmek i\u00e7in Orman B\u00f6lge M\u00fcd\u00fcrl\u00fc\u011f\u00fc\u2019m\u00fczden yer istedik. Osmangazi il\u00e7esi s\u0131n\u0131rlar\u0131 i\u00e7erisinde \u00f6nce \u00e7\u0131nar a\u011fac\u0131 sonras\u0131nda fidan kampanyas\u0131 ba\u015flataca\u011f\u0131z. Ayr\u0131ca bize Ma\u00e7ka\u2019da \u00e7ok yard\u0131mc\u0131 olan Belediye Ba\u015fkan\u0131 Koray Ko\u00e7han\u2019a \u00fczerinde Eren B\u00fclb\u00fcl yazan 16 numaral\u0131 Bursaspor formas\u0131 hediye ettik, kar\u015f\u0131l\u0131\u011f\u0131nda Trabzon formas\u0131 ald\u0131k&#8221; diye konu\u015ftu.<\/p>\n","protected":false},"excerpt":{"rendered":"<p>BU SENE \u015eEHADET\u0130N 2. YILD\u00d6N\u00dcM\u00dc KURBAN BAYRAMININ \u0130LK G\u00dcN\u00dcNE DENK GELEN \u015eEH\u0130T EREN B\u00dcLB\u00dcL&#8217;\u00dc BURSA AK PART\u0130 GEN\u00c7L\u0130K TE\u015eK\u0130LATI UNUTMADI.<\/p>\n","protected":false},"author":1,"featured_media":192761,"comment_status":"closed","ping_status":"open","sticky":false,"template":"","format":"standard","meta":{"jetpack_post_was_ever_published":false,"_jetpack_newsletter_access":"","_jetpack_dont_email_post_to_subs":false,"_jetpack_newsletter_tier_id":0,"_jetpack_memberships_contains_paywalled_content":false,"_jetpack_memberships_contains_paid_content":false,"footnotes":"","jetpack_publicize_message":"","jetpack_publicize_feature_enabled":true,"jetpack_social_post_already_shared":true,"jetpack_social_options":{"image_generator_settings":{"template":"highway","default_image_id":0,"font":"","enabled":false},"version":2}},"categories":[1],"tags":[1073,1032,11630,48259,701,237,9353,48260,19313],"class_list":["post-192760","post","type-post","status-publish","format-standard","has-post-thumbnail","hentry","category-genel","tag-ozel","tag-bursada","tag-dustugu","tag-erenin","tag-fidan","tag-sehit","tag-toprak","tag-yerdeki","tag-yetistirecek"],"jetpack_publicize_connections":[],"jetpack_featured_media_url":"https:\/\/i0.wp.com\/www.tvturk.com\/wp-content\/uploads\/2019\/08\/ozel-erenin-sehit-dustugu-yerdeki-toprak-bursada-fidan-yetistirecek_075e997.jpg?fit=1000%2C665","jetpack_sharing_enabled":true,"jetpack_shortlink":"https:\/\/wp.me\/paKIfm-O92","_links":{"self":[{"href":"http:\/\/www.tvturk.com\/index.php\/wp-json\/wp\/v2\/posts\/192760","targetHints":{"allow":["GET"]}}],"collection":[{"href":"http:\/\/www.tvturk.com\/index.php\/wp-json\/wp\/v2\/posts"}],"about":[{"href":"http:\/\/www.tvturk.com\/index.php\/wp-json\/wp\/v2\/types\/post"}],"author":[{"embeddable":true,"href":"http:\/\/www.tvturk.com\/index.php\/wp-json\/wp\/v2\/users\/1"}],"replies":[{"embeddable":true,"href":"http:\/\/www.tvturk.com\/index.php\/wp-json\/wp\/v2\/comments?post=192760"}],"version-history":[{"count":0,"href":"http:\/\/www.tvturk.com\/index.php\/wp-json\/wp\/v2\/posts\/192760\/revisions"}],"wp:featuredmedia":[{"embeddable":true,"href":"http:\/\/www.tvturk.com\/index.php\/wp-json\/wp\/v2\/media\/192761"}],"wp:attachment":[{"href":"http:\/\/www.tvturk.com\/index.php\/wp-json\/wp\/v2\/media?parent=192760"}],"wp:term":[{"taxonomy":"category","embeddable":true,"href":"http:\/\/www.tvturk.com\/index.php\/wp-json\/wp\/v2\/categories?post=192760"},{"taxonomy":"post_tag","embeddable":true,"href":"http:\/\/www.tvturk.com\/index.php\/wp-json\/wp\/v2\/tags?post=192760"}],"curies":[{"name":"wp","href":"https:\/\/api.w.org\/{rel}","templated":true}]}}