{"id":192776,"date":"2019-08-11T10:16:16","date_gmt":"2019-08-11T07:16:16","guid":{"rendered":"http:\/\/www.tvturk.com\/index.php\/eyupsultanda-sehitler-icin-53-kurban-kesildi\/"},"modified":"2019-08-11T10:16:16","modified_gmt":"2019-08-11T07:16:16","slug":"eyupsultanda-sehitler-icin-53-kurban-kesildi","status":"publish","type":"post","link":"http:\/\/www.tvturk.com\/index.php\/eyupsultanda-sehitler-icin-53-kurban-kesildi\/","title":{"rendered":"Ey\u00fcpsultan\u2019da \u015fehitler i\u00e7in 53 kurban kesildi"},"content":{"rendered":"<p>Vatan\u0131 i\u00e7in g\u00f6z\u00fcn\u00fc k\u0131rpmadan \u015fehit olan kahramanlar\u0131n aileleri i\u00e7in Ey\u00fcpsultan\u2019da 53 kurban kesimi ger\u00e7ekle\u015ftirildi. Kurbanl\u0131klar\u0131n etleri ise \u015fehit ailelerine da\u011f\u0131t\u0131ld\u0131.<\/p>\n<p>Ey\u00fcpultan Belediyesi vatani g\u00f6revini yerine getirirken \u015fehit olan kahramanlar\u0131n ailelerini kurban bayram\u0131nda unutmayarak il\u00e7ede oturan aileler i\u00e7in 53 adet kurban kesti. Vak\u0131flar \u0130stanbul 1\u2019inci B\u00f6lge M\u00fcd\u00fcrl\u00fc\u011f\u00fc Ey\u00fcpsultan \u0130marethanesi Adak Kurban Kesim Merkezi\u2019nde kesilen kurbanlar\u0131n etleri gelen \u015fehit ailelerine verildi. Gelemeyen ailelere ise paketlenip evlerine g\u00f6nderildi. Ey\u00fcpsultan Belediye Ba\u015fkan Yard\u0131mc\u0131s\u0131 Cevdet Y\u0131ld\u0131z da kurban kesim alan\u0131nda \u015fehit ailelerini yaln\u0131z b\u0131rakmayarak onlara destek oldu. \u015eehit aileleri belediyenin her zaman kendilerini d\u00fc\u015f\u00fcnd\u00fcklerini ifade ederek Ey\u00fcpsultan Belediye Ba\u015fkan\u0131 Deniz K\u00f6ken\u2019e te\u015fekk\u00fcr ettiler.<\/p>\n<p>\u201cBelediyemiz her zaman \u015fehit ailelerimizin yan\u0131nda\u201d<\/p>\n<p>Kurban kesim yerinde \u015fehit ailelerinin yan\u0131nda olan Ey\u00fcpsultan Belediye Ba\u015fkan Yard\u0131mc\u0131s\u0131 Cevdet Y\u0131ld\u0131z, \u201c Burada \u015fehit olan karde\u015flerimizin aileleri var. 53 tane \u015fehit ailesinin kurban\u0131n\u0131 kesece\u011fiz bug\u00fcn. Ard\u0131ndan kesmi\u015f oldu\u011fumuz kurbanlar\u0131n etlerini kendilerine teslim edece\u011fiz. Belediyemiz her zaman \u015fehit ailelerimizin yan\u0131nda, 53 tane \u015fehidimizin aileleri  Ey\u00fcpsultan s\u0131n\u0131rlar\u0131 i\u00e7erisinde oturuyor. Yakla\u015f\u0131k burada 38 \u015fehit ailemiz mevcut gelemeyenlere de telefona ula\u015f\u0131yoruz vekaletlerini al\u0131p kurbanlar\u0131n\u0131 kesiyoruz ve etlerini kendilerine teslim ediyoruz\u201d ifadelerini kulland\u0131.<\/p>\n<p>\u201cBizi kurbans\u0131z b\u0131rakmad\u0131lar\u201d<\/p>\n<p>\u015eehit Mehmet \u00c7atal\u2019\u0131n ablas\u0131 Durdu H\u0131zarc\u0131, \u201cHer bayram oldu\u011fu gibi bu bayramda ba\u015fkan\u0131m\u0131z ile birlikteyiz. Eme\u011fi ge\u00e7en herkese te\u015fekk\u00fcr ediyoruz. Bizi kurbans\u0131z b\u0131rakmad\u0131klar\u0131 i\u00e7in ve yan\u0131m\u0131zda olduklar\u0131 i\u00e7in te\u015fekk\u00fcr ediyorum\u201d dedi.<\/p>\n<p>\u201d\u00c7ok memnun oluyoruz\u201d<\/p>\n<p>\u015eehit Tamer Vardar\u2019\u0131n Babas\u0131 Cemal Vardar, \u201c Belediyemiz her sene kurban kesimini bizim i\u00e7in yap\u0131yor, bizi \u00e7ok mutlu ediyorlar. \u00c7ok memnun oluyoruz bizi d\u00fc\u015f\u00fcnerek b\u00f6yle bir \u015fey yapt\u0131klar\u0131 ve yan\u0131m\u0131zda olarak bizi unutmad\u0131klar\u0131 i\u00e7in\u201d ifadelerini kulland\u0131.<\/p>\n","protected":false},"excerpt":{"rendered":"<p>KURBANLIKLARIN ETLER\u0130 \u015eEH\u0130T A\u0130LELER\u0130NE DA\u011eITILDI.<\/p>\n","protected":false},"author":1,"featured_media":192777,"comment_status":"closed","ping_status":"open","sticky":false,"template":"","format":"standard","meta":{"jetpack_post_was_ever_published":false,"_jetpack_newsletter_access":"","_jetpack_dont_email_post_to_subs":false,"_jetpack_newsletter_tier_id":0,"_jetpack_memberships_contains_paywalled_content":false,"_jetpack_memberships_contains_paid_content":false,"footnotes":"","jetpack_publicize_message":"","jetpack_publicize_feature_enabled":true,"jetpack_social_post_already_shared":true,"jetpack_social_options":{"image_generator_settings":{"template":"highway","default_image_id":0,"font":"","enabled":false},"version":2}},"categories":[1],"tags":[11000,44,1206,20956,9214],"class_list":["post-192776","post","type-post","status-publish","format-standard","has-post-thumbnail","hentry","category-genel","tag-eyupsultanda","tag-icin","tag-kesildi","tag-kurban","tag-sehitler"],"jetpack_publicize_connections":[],"jetpack_featured_media_url":"https:\/\/i0.wp.com\/www.tvturk.com\/wp-content\/uploads\/2019\/08\/eyupsultanda-sehitler-icin-53-kurban-kesildi_df2ec9b.jpg?fit=1000%2C750","jetpack_sharing_enabled":true,"jetpack_shortlink":"https:\/\/wp.me\/paKIfm-O9i","_links":{"self":[{"href":"http:\/\/www.tvturk.com\/index.php\/wp-json\/wp\/v2\/posts\/192776","targetHints":{"allow":["GET"]}}],"collection":[{"href":"http:\/\/www.tvturk.com\/index.php\/wp-json\/wp\/v2\/posts"}],"about":[{"href":"http:\/\/www.tvturk.com\/index.php\/wp-json\/wp\/v2\/types\/post"}],"author":[{"embeddable":true,"href":"http:\/\/www.tvturk.com\/index.php\/wp-json\/wp\/v2\/users\/1"}],"replies":[{"embeddable":true,"href":"http:\/\/www.tvturk.com\/index.php\/wp-json\/wp\/v2\/comments?post=192776"}],"version-history":[{"count":0,"href":"http:\/\/www.tvturk.com\/index.php\/wp-json\/wp\/v2\/posts\/192776\/revisions"}],"wp:featuredmedia":[{"embeddable":true,"href":"http:\/\/www.tvturk.com\/index.php\/wp-json\/wp\/v2\/media\/192777"}],"wp:attachment":[{"href":"http:\/\/www.tvturk.com\/index.php\/wp-json\/wp\/v2\/media?parent=192776"}],"wp:term":[{"taxonomy":"category","embeddable":true,"href":"http:\/\/www.tvturk.com\/index.php\/wp-json\/wp\/v2\/categories?post=192776"},{"taxonomy":"post_tag","embeddable":true,"href":"http:\/\/www.tvturk.com\/index.php\/wp-json\/wp\/v2\/tags?post=192776"}],"curies":[{"name":"wp","href":"https:\/\/api.w.org\/{rel}","templated":true}]}}