{"id":192782,"date":"2019-08-11T10:31:32","date_gmt":"2019-08-11T07:31:32","guid":{"rendered":"http:\/\/www.tvturk.com\/index.php\/bahceli-turkesin-anit-mezarini-ziyaret-etti\/"},"modified":"2019-08-11T10:31:32","modified_gmt":"2019-08-11T07:31:32","slug":"bahceli-turkesin-anit-mezarini-ziyaret-etti","status":"publish","type":"post","link":"http:\/\/www.tvturk.com\/index.php\/bahceli-turkesin-anit-mezarini-ziyaret-etti\/","title":{"rendered":"Bah\u00e7eli, T\u00fcrke\u015f\u2019in an\u0131t mezar\u0131n\u0131 ziyaret etti"},"content":{"rendered":"<p>Milliyet\u00e7i Hareket Partisi (MHP) Genel Ba\u015fkan\u0131 Devlet Bah\u00e7eli, &#8220;T\u00fcrkiye\u2019de erken se\u00e7ime ihtiya\u00e7 yoktur&#8221; dedi.<\/p>\n<p>MHP Genel Ba\u015fkan\u0131 Devlet Bah\u00e7eli beraberinde MHP Genel Ba\u015fkan Yard\u0131mc\u0131s\u0131 Mevl\u00fct Karakaya ve \u00dclk\u00fc Ocaklar\u0131 E\u011fitim ve K\u00fclt\u00fcr Vakf\u0131 Genel Ba\u015fkan\u0131 Sinan Ate\u015f\u2019le birlikte Kurban Bayram\u0131 dolay\u0131s\u0131yla merhum kurucu lider Alparslan T\u00fcrke\u015f\u2019in kabrini ziyaret etti. Bayram namaz\u0131n\u0131 k\u0131ld\u0131ktan sonra merhum kurucu lider Alparslan T\u00fcrke\u015f\u2019in Be\u015ftepe\u2019de bulunan an\u0131t mezar\u0131na gelen ve an\u0131t mezar ba\u015f\u0131nda okunan Kur\u2019an-\u0131 Kerim tilavetini dinledikten sonra dua eden Bah\u00e7eli, kabre k\u0131rm\u0131z\u0131 karanfil b\u0131rakt\u0131ktan sonra partililerle bayramla\u015ft\u0131. Ziyaret sonras\u0131nda bas\u0131n mensuplar\u0131na a\u00e7\u0131klamalarda bulunan Bah\u00e7eli, konu\u015fmas\u0131n\u0131n ba\u015f\u0131nda vatanda\u015flar\u0131n ve bas\u0131n mensuplar\u0131n\u0131n bayram\u0131n\u0131 kutlad\u0131.<\/p>\n<p>\u0130ki bayram aras\u0131ndaki siyasi, sosyal ve ekonomik olaylar\u0131n analizinin yap\u0131lmas\u0131nda fayda g\u00f6rd\u00fc\u011f\u00fcn\u00fc s\u00f6yleyen Bah\u00e7eli, &#8220;Bu s\u00fcre\u00e7te, se\u00e7im yenilenmeleri oldu. Daha de\u011fi\u015fik durumlar oldu. Ter\u00f6rle m\u00fccadele kesintisiz devam ettirildi. Ekonomik y\u00f6nden politikalar tart\u0131\u015f\u0131l\u0131r konuma getirilmek istendi. Bunlara ra\u011fmen bayrama Allah\u2019\u0131n himmetiyle ula\u015fm\u0131\u015f olduk&#8221; ifadelerini kulland\u0131.<\/p>\n<p>T\u00fcrkiye\u2019nin sosyal ve ekonomik sorunlar\u0131n\u0131 \u00e7\u00f6zecek Cumhurba\u015fkanl\u0131\u011f\u0131 H\u00fck\u00fcmet Sistemi\u2019nin kararl\u0131 duru\u015fu ile birlikte bir\u00e7ok reformlar\u0131n yap\u0131lma s\u00fcrecine ge\u00e7ildi\u011fini aktaran Bah\u00e7eli, &#8220;\u00d6n\u00fcm\u00fczdeki g\u00fcnlerde, \u00f6zellikle Kurban Bayram\u0131 sonras\u0131nda \u00e7al\u0131\u015fmalar\u0131n bu y\u00f6nde a\u011f\u0131rl\u0131k kazanaca\u011f\u0131n\u0131, 1 Ekim 2019 tarihinde T\u00fcrkiye B\u00fcy\u00fck Millet Meclisi\u2019nin a\u00e7\u0131l\u0131\u015f\u0131yla beraber, yap\u0131sal reformlar\u0131n ba\u015fta yarg\u0131 ve meclis i\u00e7 t\u00fcz\u00fc\u011f\u00fc olmak \u00fczere bir\u00e7ok konunun g\u00fcndeme gelece\u011fini ve art\u0131k T\u00fcrkiye i\u00e7in 2023\u2019e haz\u0131rlanan bir s\u00fcrecin tekrar ba\u015flat\u0131laca\u011f\u0131n\u0131 d\u00fc\u015f\u00fcn\u00fcyorum&#8221; diye konu\u015ftu.<\/p>\n<p>Baz\u0131 televizyon programlar\u0131nda Cumhurba\u015fkanl\u0131\u011f\u0131 H\u00fck\u00fcmet Sistemi\u2019ni tart\u0131\u015fmaya a\u00e7mak isteyen konu\u015fmac\u0131lar\u0131n varl\u0131\u011f\u0131ndan bahseden Bah\u00e7eli, &#8220;Bunu yaparken parlamenter sistemi g\u00fcndeme getirmeden evvel ona h\u0131z kazand\u0131racak ak\u0131llar\u0131nca bir \u00e7\u00f6z\u00fcm yolu olarak bir erken se\u00e7im tart\u0131\u015fmas\u0131 yapmaya \u00e7al\u0131\u015f\u0131yorlar. T\u00fcrkiye\u2019de erken se\u00e7ime ihtiya\u00e7 yoktur. B\u00f6yle bir se\u00e7imi d\u00fc\u015f\u00fcnmek ter\u00f6rle m\u00fccadeleyi aksatmak demektir. G\u00fcneyimizdeki ter\u00f6r devletinin kurulmas\u0131n\u0131 te\u015fvik etmek demektir. PKK\/PYD\u2019ye yeniden cesaret vermek demektir ve FET\u00d6 ile olan m\u00fccadeleyi de suland\u0131rmak demektir. T\u00fcrkiye\u2019de se\u00e7ime ihtiya\u00e7 yok. Ter\u00f6r\u00fcn k\u00f6k\u00fcn\u00fc kaz\u0131yacak sosyal ve ekonomik sorunlar\u0131 \u00e7\u00f6zebilecek g\u00fc\u00e7l\u00fc bir idari yap\u0131n\u0131n s\u00fcreklili\u011fine ihtiya\u00e7 vard\u0131r&#8221; dedi.<\/p>\n<p>Cumhurba\u015fkan\u0131 Recep Tayyip Erdo\u011fan\u2019\u0131n \u201c\u0130n\u015fallah bu A\u011fustos\u2019ta da tarihimizin zaferler halkas\u0131na bir yenisini daha ekleyece\u011fiz\u201d s\u00f6zlerini de\u011ferlendiren Bah\u00e7eli, &#8220;Cumhurba\u015fkan\u0131\u2019n\u0131n program\u0131 nas\u0131ld\u0131r ne gibi d\u00fc\u015f\u00fcncelerle hareket etmektedir onlar\u0131 tam bilemiyoruz. Ama bir c\u00fcmle vard\u0131r ki tarihi bir c\u00fcmledir. A\u011fustos ay\u0131 zafer ay\u0131d\u0131r. Zafer de s\u00fcreklilik kazanan, her zaman yap\u0131lmas\u0131, yenilenmesi gereken de\u011ferli bir kavramd\u0131r. Bu milleti Allah zaferden mahrum b\u0131rakmas\u0131n\u201d \u015feklinde konu\u015ftu.<\/p>\n<p>Konu\u015fmas\u0131n\u0131n sonras\u0131nda \u00dclk\u00fc Ocaklar\u0131 Genel Merkezi\u2019ne ge\u00e7en MHP Genel Ba\u015fkan\u0131 Devlet Bah\u00e7eli, burada partililerle kahvalt\u0131 yapt\u0131.<\/p>\n","protected":false},"excerpt":{"rendered":"<p>M\u0130LL\u0130YET\u00c7\u0130 HAREKET PART\u0130S\u0130 (MHP) GENEL BA\u015eKANI DEVLET BAH\u00c7EL\u0130, ALPARSLAN T\u00dcRKE\u015e&#8217;\u0130N KABR\u0130N\u0130 Z\u0130YARET ETT\u0130.<\/p>\n","protected":false},"author":1,"featured_media":192783,"comment_status":"closed","ping_status":"open","sticky":false,"template":"","format":"standard","meta":{"jetpack_post_was_ever_published":false,"_jetpack_newsletter_access":"","_jetpack_dont_email_post_to_subs":false,"_jetpack_newsletter_tier_id":0,"_jetpack_memberships_contains_paywalled_content":false,"_jetpack_memberships_contains_paid_content":false,"footnotes":"","jetpack_publicize_message":"","jetpack_publicize_feature_enabled":true,"jetpack_social_post_already_shared":true,"jetpack_social_options":{"image_generator_settings":{"template":"highway","default_image_id":0,"font":"","enabled":false},"version":2}},"categories":[1],"tags":[22466,4549,207,5914,48264,150],"class_list":["post-192782","post","type-post","status-publish","format-standard","has-post-thumbnail","hentry","category-genel","tag-anit","tag-bahceli","tag-etti","tag-mezarini","tag-turkesin","tag-ziyaret"],"jetpack_publicize_connections":[],"jetpack_featured_media_url":"https:\/\/i0.wp.com\/www.tvturk.com\/wp-content\/uploads\/2019\/08\/bahceli-turkesin-anit-mezarini-ziyaret-etti_52e9102.jpg?fit=1000%2C666","jetpack_sharing_enabled":true,"jetpack_shortlink":"https:\/\/wp.me\/paKIfm-O9o","_links":{"self":[{"href":"http:\/\/www.tvturk.com\/index.php\/wp-json\/wp\/v2\/posts\/192782","targetHints":{"allow":["GET"]}}],"collection":[{"href":"http:\/\/www.tvturk.com\/index.php\/wp-json\/wp\/v2\/posts"}],"about":[{"href":"http:\/\/www.tvturk.com\/index.php\/wp-json\/wp\/v2\/types\/post"}],"author":[{"embeddable":true,"href":"http:\/\/www.tvturk.com\/index.php\/wp-json\/wp\/v2\/users\/1"}],"replies":[{"embeddable":true,"href":"http:\/\/www.tvturk.com\/index.php\/wp-json\/wp\/v2\/comments?post=192782"}],"version-history":[{"count":0,"href":"http:\/\/www.tvturk.com\/index.php\/wp-json\/wp\/v2\/posts\/192782\/revisions"}],"wp:featuredmedia":[{"embeddable":true,"href":"http:\/\/www.tvturk.com\/index.php\/wp-json\/wp\/v2\/media\/192783"}],"wp:attachment":[{"href":"http:\/\/www.tvturk.com\/index.php\/wp-json\/wp\/v2\/media?parent=192782"}],"wp:term":[{"taxonomy":"category","embeddable":true,"href":"http:\/\/www.tvturk.com\/index.php\/wp-json\/wp\/v2\/categories?post=192782"},{"taxonomy":"post_tag","embeddable":true,"href":"http:\/\/www.tvturk.com\/index.php\/wp-json\/wp\/v2\/tags?post=192782"}],"curies":[{"name":"wp","href":"https:\/\/api.w.org\/{rel}","templated":true}]}}