{"id":192786,"date":"2019-08-11T10:31:41","date_gmt":"2019-08-11T07:31:41","guid":{"rendered":"http:\/\/www.tvturk.com\/index.php\/evi-yanan-ailenin-yardimina-turk-kizilayi-kostu\/"},"modified":"2019-08-11T10:31:41","modified_gmt":"2019-08-11T07:31:41","slug":"evi-yanan-ailenin-yardimina-turk-kizilayi-kostu","status":"publish","type":"post","link":"http:\/\/www.tvturk.com\/index.php\/evi-yanan-ailenin-yardimina-turk-kizilayi-kostu\/","title":{"rendered":"Evi yanan ailenin yard\u0131m\u0131na T\u00fcrk K\u0131z\u0131lay\u2019\u0131 ko\u015ftu"},"content":{"rendered":"<p>Gaziantep\u2019in Nizip il\u00e7esinde ge\u00e7ti\u011fimiz hafta zihinsel engelli k\u0131zlar\u0131 taraf\u0131ndan evleri yak\u0131lan Ekici ailesine T\u00fcrk K\u0131z\u0131lay\u2019\u0131 sahip \u00e7\u0131kt\u0131. K\u0131z\u0131lay ekipleri yang\u0131nda e\u015fyalar\u0131 yanan aileye yeni e\u015fya ve para yard\u0131m\u0131nda bulundu.<\/p>\n<p>Nizip il\u00e7esine ba\u011fl\u0131 Tilmiyen (G\u00fcnalt\u0131) k\u0131rsal mahallesinde ge\u00e7ti\u011fimiz hafta zihinsel engelli k\u0131zlar\u0131 taraf\u0131ndan evleri yak\u0131lan ve ma\u011fduriyet ya\u015fayan Ekici ailesinin yaralar\u0131n\u0131 K\u0131z\u0131lay sard\u0131. \u00c7\u0131kan yang\u0131nda evleri ve i\u00e7erideki e\u015fyalar\u0131 hasar g\u00f6ren aileye sahip \u00e7\u0131kan T\u00fcrk K\u0131z\u0131lay\u2019\u0131 tamamen kullan\u0131lamaz hale gelen e\u015fyalar\u0131n yerine yeni e\u015fya yard\u0131m\u0131nda bulundu.<\/p>\n<p>K\u0131z\u0131lay\u2019\u0131n Gaziantep ve \u015eahinbey \u015fubelerinin destekleri ile aileye  hal\u0131, battaniye, yast\u0131k, yorgan, \u00e7ar\u015faf gibi ev e\u015fyalar\u0131, mutfak e\u015fyalar\u0131, g\u0131da ve nakit para yard\u0131m\u0131nda bulunuldu\u011fu belirtildi.<\/p>\n<p>Yard\u0131mlar, T\u00fcrk K\u0131z\u0131lay\u0131 Gaziantep \u015eubesi Ba\u015fkan\u0131 Prof. Dr. Nihat Y\u0131ld\u0131r\u0131m, Gaziantep \u015eubesi Kad\u0131n Kollar\u0131 Ba\u015fkan\u0131 Dr. Dilek Toktam\u0131\u015f, Ba\u015fkan Yard\u0131mc\u0131s\u0131 Esra Ero\u011fullar\u0131, T\u00fcrk K\u0131z\u0131lay\u0131 \u015eahinbey Kad\u0131n Kollar\u0131 Ba\u015fkan\u0131 Hayriye \u00d6zmantar ile Mehmet Gen\u00e7 ve Sait \u015eahin\u2019in de aralar\u0131nda bulundu\u011fu g\u00f6n\u00fcll\u00fc ekip \u00f6nc\u00fcl\u00fc\u011f\u00fcnde aileye ula\u015ft\u0131r\u0131ld\u0131.<\/p>\n","protected":false},"excerpt":{"rendered":"<p>EV\u0130 YANAN A\u0130LEYE KIZILAY SAH\u0130P \u00c7IKTI<\/p>\n","protected":false},"author":1,"featured_media":192787,"comment_status":"closed","ping_status":"open","sticky":false,"template":"","format":"standard","meta":{"jetpack_post_was_ever_published":false,"_jetpack_newsletter_access":"","_jetpack_dont_email_post_to_subs":false,"_jetpack_newsletter_tier_id":0,"_jetpack_memberships_contains_paywalled_content":false,"_jetpack_memberships_contains_paid_content":false,"footnotes":"","jetpack_publicize_message":"","jetpack_publicize_feature_enabled":true,"jetpack_social_post_already_shared":true,"jetpack_social_options":{"image_generator_settings":{"template":"highway","default_image_id":0,"font":"","enabled":false},"version":2}},"categories":[1],"tags":[6399,2019,7809,3090,957,5266,3088],"class_list":["post-192786","post","type-post","status-publish","format-standard","has-post-thumbnail","hentry","category-genel","tag-ailenin","tag-evi","tag-kizilayi","tag-kostu","tag-turk","tag-yanan","tag-yardimina"],"jetpack_publicize_connections":[],"jetpack_featured_media_url":"https:\/\/i0.wp.com\/www.tvturk.com\/wp-content\/uploads\/2019\/08\/evi-yanan-ailenin-yardimina-turk-kizilayi-kostu_6372cfd.jpg?fit=1000%2C664","jetpack_sharing_enabled":true,"jetpack_shortlink":"https:\/\/wp.me\/paKIfm-O9s","_links":{"self":[{"href":"http:\/\/www.tvturk.com\/index.php\/wp-json\/wp\/v2\/posts\/192786","targetHints":{"allow":["GET"]}}],"collection":[{"href":"http:\/\/www.tvturk.com\/index.php\/wp-json\/wp\/v2\/posts"}],"about":[{"href":"http:\/\/www.tvturk.com\/index.php\/wp-json\/wp\/v2\/types\/post"}],"author":[{"embeddable":true,"href":"http:\/\/www.tvturk.com\/index.php\/wp-json\/wp\/v2\/users\/1"}],"replies":[{"embeddable":true,"href":"http:\/\/www.tvturk.com\/index.php\/wp-json\/wp\/v2\/comments?post=192786"}],"version-history":[{"count":0,"href":"http:\/\/www.tvturk.com\/index.php\/wp-json\/wp\/v2\/posts\/192786\/revisions"}],"wp:featuredmedia":[{"embeddable":true,"href":"http:\/\/www.tvturk.com\/index.php\/wp-json\/wp\/v2\/media\/192787"}],"wp:attachment":[{"href":"http:\/\/www.tvturk.com\/index.php\/wp-json\/wp\/v2\/media?parent=192786"}],"wp:term":[{"taxonomy":"category","embeddable":true,"href":"http:\/\/www.tvturk.com\/index.php\/wp-json\/wp\/v2\/categories?post=192786"},{"taxonomy":"post_tag","embeddable":true,"href":"http:\/\/www.tvturk.com\/index.php\/wp-json\/wp\/v2\/tags?post=192786"}],"curies":[{"name":"wp","href":"https:\/\/api.w.org\/{rel}","templated":true}]}}