{"id":192798,"date":"2019-08-11T10:46:35","date_gmt":"2019-08-11T07:46:35","guid":{"rendered":"http:\/\/www.tvturk.com\/index.php\/acemi-kasaplar-is-basinda-2\/"},"modified":"2019-08-11T10:46:35","modified_gmt":"2019-08-11T07:46:35","slug":"acemi-kasaplar-is-basinda-2","status":"publish","type":"post","link":"http:\/\/www.tvturk.com\/index.php\/acemi-kasaplar-is-basinda-2\/","title":{"rendered":"Acemi kasaplar i\u015f ba\u015f\u0131nda"},"content":{"rendered":"<p>Kahramanmara\u015f\u2019ta Kurban Bayram\u0131\u2019n\u0131n ilk g\u00fcn\u00fc kurban kesmek isterken kendini yaralayan acemi kasaplar hastanelerin acil servislerine ko\u015ftu.<\/p>\n<p>Kurbanl\u0131klar\u0131 keserken ya da ba\u015fkalar\u0131n\u0131n kurbanlar\u0131n\u0131 kesen baz\u0131 vatanda\u015flar ya kendilerini, ya da yan\u0131ndakini yaralad\u0131. Necip Faz\u0131l \u015eehir Hastanesi Y\u00f6r\u00fck Selim Ek Hizmet binas\u0131 acil servisine gelen vatanda\u015flar\u0131n parmak, kol ve bacaklar\u0131n\u0131 yaraland\u0131\u011f\u0131 g\u00f6r\u00fcld\u00fc.<\/p>\n<p>Yaralanan Kadir Ceyhan, \u201c\u0130ki bayramd\u0131r beni kesiyor arkada\u015f\u0131m. \u0130nsan iki defa kesilir mi? Akacak kan damarda durmazm\u0131\u015f. Kendi kurban\u0131m\u0131z\u0131 kesiyorduk ve arkada\u015f\u0131m\u0131n b\u0131\u00e7a\u011f\u0131 elime girdi\u201d diye konu\u015fu.<\/p>\n<p>Ceyhan, r\u00f6portaj sonras\u0131 gazetecilere \u2018hangi kanalda \u00e7\u0131kaca\u011f\u0131z\u2019? diye sordu.<\/p>\n","protected":false},"excerpt":{"rendered":"<p>KURBAN KESERKEN YARALANAN KAD\u0130R CEYHAN, &#8220;\u0130K\u0130 BAYRAMDIR ARKADA\u015eIM BEN\u0130 KES\u0130YOR. \u0130NSAN \u0130K\u0130 DEFA KES\u0130L\u0130R M\u0130?&#8221; D\u0130YE \u015eANSSIZLI\u011eINI ANLATTI<\/p>\n","protected":false},"author":1,"featured_media":192799,"comment_status":"closed","ping_status":"open","sticky":false,"template":"","format":"standard","meta":{"jetpack_post_was_ever_published":false,"_jetpack_newsletter_access":"","_jetpack_dont_email_post_to_subs":false,"_jetpack_newsletter_tier_id":0,"_jetpack_memberships_contains_paywalled_content":false,"_jetpack_memberships_contains_paid_content":false,"footnotes":"","jetpack_publicize_message":"","jetpack_publicize_feature_enabled":true,"jetpack_social_post_already_shared":true,"jetpack_social_options":{"image_generator_settings":{"template":"highway","default_image_id":0,"font":"","enabled":false},"version":2}},"categories":[1],"tags":[37305,240,432,94],"class_list":["post-192798","post","type-post","status-publish","format-standard","has-post-thumbnail","hentry","category-genel","tag-acemi","tag-basinda","tag-is","tag-kasaplar"],"jetpack_publicize_connections":[],"jetpack_featured_media_url":"https:\/\/i0.wp.com\/www.tvturk.com\/wp-content\/uploads\/2019\/08\/acemi-kasaplar-is-basinda_07221af.jpg?fit=1000%2C666","jetpack_sharing_enabled":true,"jetpack_shortlink":"https:\/\/wp.me\/paKIfm-O9E","_links":{"self":[{"href":"http:\/\/www.tvturk.com\/index.php\/wp-json\/wp\/v2\/posts\/192798","targetHints":{"allow":["GET"]}}],"collection":[{"href":"http:\/\/www.tvturk.com\/index.php\/wp-json\/wp\/v2\/posts"}],"about":[{"href":"http:\/\/www.tvturk.com\/index.php\/wp-json\/wp\/v2\/types\/post"}],"author":[{"embeddable":true,"href":"http:\/\/www.tvturk.com\/index.php\/wp-json\/wp\/v2\/users\/1"}],"replies":[{"embeddable":true,"href":"http:\/\/www.tvturk.com\/index.php\/wp-json\/wp\/v2\/comments?post=192798"}],"version-history":[{"count":0,"href":"http:\/\/www.tvturk.com\/index.php\/wp-json\/wp\/v2\/posts\/192798\/revisions"}],"wp:featuredmedia":[{"embeddable":true,"href":"http:\/\/www.tvturk.com\/index.php\/wp-json\/wp\/v2\/media\/192799"}],"wp:attachment":[{"href":"http:\/\/www.tvturk.com\/index.php\/wp-json\/wp\/v2\/media?parent=192798"}],"wp:term":[{"taxonomy":"category","embeddable":true,"href":"http:\/\/www.tvturk.com\/index.php\/wp-json\/wp\/v2\/categories?post=192798"},{"taxonomy":"post_tag","embeddable":true,"href":"http:\/\/www.tvturk.com\/index.php\/wp-json\/wp\/v2\/tags?post=192798"}],"curies":[{"name":"wp","href":"https:\/\/api.w.org\/{rel}","templated":true}]}}