{"id":192804,"date":"2019-08-11T11:01:28","date_gmt":"2019-08-11T08:01:28","guid":{"rendered":"http:\/\/www.tvturk.com\/index.php\/kktcde-hukumet-ile-cumhurbaskani-arasinda-polis-krizi\/"},"modified":"2019-08-11T11:01:28","modified_gmt":"2019-08-11T08:01:28","slug":"kktcde-hukumet-ile-cumhurbaskani-arasinda-polis-krizi","status":"publish","type":"post","link":"http:\/\/www.tvturk.com\/index.php\/kktcde-hukumet-ile-cumhurbaskani-arasinda-polis-krizi\/","title":{"rendered":"KKTC\u2019de h\u00fck\u00fcmet ile Cumhurba\u015fkan\u0131 aras\u0131nda \u2019\u2019polis\u2019\u2019 krizi"},"content":{"rendered":"<p>Kuzey K\u0131br\u0131s T\u00fcrk Cumhuriyeti (KKTC) Polis Genel M\u00fcd\u00fcrl\u00fc\u011f\u00fc FET\u00d6\/PDY soru\u015fturmas\u0131n\u0131 y\u00fcr\u00fcten \u00f6zel birimin ba\u015f\u0131 gerek\u00e7e g\u00f6sterilmeden emekliye sevk edildi.<\/p>\n<p>KKTC Polis Genel M\u00fcd\u00fcrl\u00fc\u011f\u00fc\u2019nde FET\u00d6\/PDY soru\u015fturmas\u0131n\u0131 y\u00fcr\u00fcten \u00f6zel birimin ba\u015f\u0131ndaki M\u00fcd\u00fcr H\u00fcseyin Ye\u015filda\u011fl\u0131\u2019n\u0131n emekliye sevk edilmesiyle birlikte halen devam eden FET\u00d6\/PDY ile ilgili \u00e7ok say\u0131da soru\u015fturmalar da rafa kalkm\u0131\u015f oldu. T\u00fcrkiye\u2019de 15 Temmuz Fethullah\u00e7\u0131 Ter\u00f6r \u00d6rg\u00fct\u00fc (FET\u00d6) taraf\u0131ndan ger\u00e7ekle\u015ftirilen hain darbe giri\u015fiminin ard\u0131ndan, T\u00fcrkiye\u2019den gelen talimat ile \u00f6rg\u00fct\u00fcn ba\u011flant\u0131lar\u0131na dair KKTC Polis Te\u015fkilat\u0131 i\u00e7erisinde 2017 y\u0131l\u0131nda  Olu\u015fturulan \u2019\u2019\u00d6zel Birim\u2019\u2019 yapt\u0131\u011f\u0131  idari soru\u015fturmalar \u00e7er\u00e7evesinde 80 polis ve 15 kadarda \u00fcst d\u00fczey polis amiri ile ilgili  dosyalar haz\u0131rlanm\u0131\u015f ve bir \u00e7ok polisinde  FET\u00d6\/PDY soru\u015fturmalar\u0131 kapsam\u0131nda g\u00f6revlerine son verilmi\u015fti.<\/p>\n<p>T\u00fcrkiye\u2019nin iste\u011fi ile Polis Genel M\u00fcd\u00fcrl\u00fc\u011f\u00fc (PGM) i\u00e7erisinde Fetullah\u00e7\u0131 Ter\u00f6r \u00f6rg\u00fct\u00fc (FET\u00d6) soru\u015fturmas\u0131 ba\u015flat\u0131lmas\u0131 emri verilen y\u00f6nergeye Polis Genel M\u00fcd\u00fcr\u00fc S\u00fcleyman Manavo\u011flu, &#8220;Polis i\u00e7erisinde FET\u00d6 ba\u011flant\u0131s\u0131 bulunmuyor&#8221; cevab\u0131 vermi\u015f ve soru\u015fturma ba\u015flat\u0131lmas\u0131n\u0131 reddetmesinin ard\u0131ndan T\u00fcrkiye H\u00fck\u00fcmetinin bask\u0131lar\u0131 ile verilen ikinci y\u00f6nergeyle, KKTC Polis Genel M\u00fcd\u00fcrl\u00fc\u011f\u00fc sorgulama ekibinin ba\u015f\u0131na PGM 2\u2019nci M\u00fcd\u00fcr Yard\u0131mc\u0131s\u0131 H\u00fcseyin Ye\u015filda\u011fl\u0131 olu\u015fturulan \u2019\u2019\u00d6zel Birim\u2019\u2019 ba\u015f\u0131na getirilerek  yap\u0131lan idari soru\u015fturmalar ile \u00e7ok say\u0131da polisin Fetullah\u00e7\u0131 Ter\u00f6r \u00f6rg\u00fct\u00fc  FET\u00d6\/PDY ile ba\u011flant\u0131lar\u0131n\u0131n oldu\u011funu tespit edilerek gerekli idari tahkikatlar ba\u015flat\u0131lm\u0131\u015ft\u0131. KKTC Polis Genel M\u00fcd\u00fcr II. Yard\u0131mc\u0131s\u0131 H\u00fcseyin Ye\u015filda\u011fl\u0131\u2019n\u0131n H\u00fck\u00fcmet ve G\u00fcvenlik Kuvvetleri Komutanl\u0131\u011f\u0131\u2019n\u0131n ald\u0131\u011f\u0131 ortak karar ile bir y\u0131l daha g\u00f6revini s\u00fcrd\u00fcrme karar\u0131n\u0131n Cumhurba\u015fkan\u0131 Ak\u0131nc\u0131 taraf\u0131ndan onaylamay\u0131p emekliye sevk  edilme karar\u0131 h\u00fck\u00fcmet ile Cumhurba\u015fkan\u0131  Ak\u0131nc\u0131\u2019y\u0131 kar\u015f\u0131 kar\u015f\u0131ya getirdi.<\/p>\n<p>KKTC h\u00fck\u00fcmeti ve G\u00fcvenlik Kuvvetleri Komutanl\u0131\u011f\u0131\u2019n\u0131n, Polis Genel M\u00fcd\u00fcr II. Yard\u0131mc\u0131s\u0131 H\u00fcseyin Ye\u015filda\u011fl\u0131\u2019n\u0131n g\u00f6rev s\u00fcresinin bir y\u0131l daha uzat\u0131lmas\u0131 y\u00f6n\u00fcnde ald\u0131\u011f\u0131 ortak karara ra\u011fmen Cumhurba\u015fkan\u0131 Ak\u0131nc\u0131 Ye\u015filda\u011fl\u0131\u2019n\u0131n g\u00f6rev s\u00fcresinin uzat\u0131lmas\u0131n\u0131 gerek\u00e7e g\u00f6stermeden reddetti. Bu durum h\u00fck\u00fcmet ile Cumhurba\u015fkanl\u0131\u011f\u0131 aras\u0131nda krize neden olurken, Cumhurba\u015fkan\u0131 Ak\u0131nc\u0131, Ye\u015filda\u011fl\u0131\u2019n\u0131n g\u00f6rev s\u00fcresinin bir y\u0131l daha uzat\u0131lmas\u0131n\u0131 reddetmesinin nedenlerini ise a\u00e7\u0131klamad\u0131.<\/p>\n<p>Polis Bas\u0131n Subayl\u0131\u011f\u0131ndan yap\u0131lan yaz\u0131l\u0131 a\u00e7\u0131klamada ise Polis Genel M\u00fcd\u00fcr II. Yard\u0131mc\u0131s\u0131 H\u00fcseyin Ye\u015filda\u011fl\u0131\u2019n\u0131n, 7 A\u011fustos 2019 tarihinde d\u00f6rt y\u0131ll\u0131k g\u00f6rev s\u00fcresi tamamland\u0131\u011f\u0131ndan dolay\u0131, bu tarihten itibaren 51\/84 Polis \u00d6rg\u00fct\u00fc (Kurulu\u015f G\u00f6rev ve Yetkileri) Yasas\u0131 uyar\u0131nca emekliye sevk edildi\u011fi a\u00e7\u0131kland\u0131.<\/p>\n<p>\u00d6te yandan Yeniden Do\u011fu\u015f Partisi (YDP) Lefko\u015fa Milletvekili Bertan Zaro\u011flu, Polis Genel M\u00fcd\u00fcr\u00fc 2. Yrd. H\u00fcseyin Ye\u015filda\u011fl\u0131\u2019n\u0131n g\u00f6rev s\u00fcresinin bir y\u0131l uzat\u0131lmas\u0131n\u0131 onaylamamas\u0131 nedeni ile Cumhurba\u015fkan\u0131 Ak\u0131nc\u0131\u2019dan a\u00e7\u0131klama talep etti. Zaro\u011flu, \u201cBu tutumunun makul ve mant\u0131kl\u0131 gerek\u00e7esini, kamuoyu ile bir an \u00f6nce payla\u015fmak zorundad\u0131r\u201d dedi.<\/p>\n<p>Yeniden Do\u011fu\u015f Partisi (YDP) Milletvekili Bertan Zaro\u011flu yapt\u0131\u011f\u0131 yaz\u0131l\u0131 a\u00e7\u0131klamada \u201cOrtada \u00e7ok\u00e7a dile getirilen, kamuoyunu ve polis te\u015fkilat\u0131n\u0131 me\u015fgul eden iddialar vard\u0131r. Buna g\u00f6re  baz\u0131 i\u015f adamlar\u0131, Sn. Ak\u0131nc\u0131\u2019dan, Sn. Ye\u015filda\u011fl\u0131\u2019 n\u0131n g\u00f6rev s\u00fcresinin uzat\u0131lmamas\u0131n\u0131 istedikleri iddia edilmektedir.<\/p>\n<p>\u015eayet bu iddia do\u011fru ise, sormak gerekir ki, bu i\u015f adamlar\u0131, kimin i\u00e7in ve hangi saikle hareket ederek, Sn. Ak\u0131nc\u0131\u2019y\u0131 b\u00f6ylesi bir karar almaya ikna etmi\u015ftir?\u201d ifadelerini kulland\u0131.<\/p>\n<p>\u00d6te yandan polis i\u00e7erisinde g\u00f6rev yapan g\u00fcvenilir kaynaklardan edinilen bilgilere g\u00f6re, KKTC\u2019de FET\u00d6 ba\u011flant\u0131lar\u0131 ile alakal\u0131 olarak cemaata ba\u011fl\u0131 ki\u015filerin be\u015fer ki\u015filik ekipler \u015feklinde gruplardan olu\u015ftu\u011funu ve gruplar\u0131n di\u011fer gruplar ile farkl\u0131 \u015fekilde hareket ettiklerini, yap\u0131n\u0131n bu \u015fekilde kendini gizledi\u011fini, cemaat ve toplant\u0131lar\u0131 kendi aralar\u0131nda ba\u011f\u0131ms\u0131z yapt\u0131\u011f\u0131, 15 Temmuz darbe gecesi polis i\u00e7erisinde bir\u00e7ok bilgisayardan sabaha kar\u015f\u0131 verilerin silindi\u011fi ,yap\u0131lan ara\u015ft\u0131rmalarda polislik s\u0131nav sorular\u0131 ile ilgili bir\u00e7ok bilgi oldu\u011fu belirtildi.<\/p>\n","protected":false},"excerpt":{"rendered":"<p>KKTC POL\u0130S GENEL M\u00dcD\u00dcR II. YARDIMCISI H\u00dcSEY\u0130N YE\u015e\u0130LDA\u011eLI<\/p>\n","protected":false},"author":1,"featured_media":192805,"comment_status":"closed","ping_status":"open","sticky":false,"template":"","format":"standard","meta":{"jetpack_post_was_ever_published":false,"_jetpack_newsletter_access":"","_jetpack_dont_email_post_to_subs":false,"_jetpack_newsletter_tier_id":0,"_jetpack_memberships_contains_paywalled_content":false,"_jetpack_memberships_contains_paid_content":false,"footnotes":"","jetpack_publicize_message":"","jetpack_publicize_feature_enabled":true,"jetpack_social_post_already_shared":true,"jetpack_social_options":{"image_generator_settings":{"template":"highway","default_image_id":0,"font":"","enabled":false},"version":2}},"categories":[10],"tags":[1882,503,3563,192,4716,2121,996],"class_list":["post-192804","post","type-post","status-publish","format-standard","has-post-thumbnail","hentry","category-dunya","tag-arasinda","tag-cumhurbaskani","tag-hukumet","tag-ile","tag-kktcde","tag-krizi","tag-polis"],"jetpack_publicize_connections":[],"jetpack_featured_media_url":"https:\/\/i0.wp.com\/www.tvturk.com\/wp-content\/uploads\/2019\/08\/kktcde-hukumet-ile-cumhurbaskani-arasinda-polis-krizi_8bc5af6.jpg?fit=561%2C342","jetpack_sharing_enabled":true,"jetpack_shortlink":"https:\/\/wp.me\/paKIfm-O9K","_links":{"self":[{"href":"http:\/\/www.tvturk.com\/index.php\/wp-json\/wp\/v2\/posts\/192804","targetHints":{"allow":["GET"]}}],"collection":[{"href":"http:\/\/www.tvturk.com\/index.php\/wp-json\/wp\/v2\/posts"}],"about":[{"href":"http:\/\/www.tvturk.com\/index.php\/wp-json\/wp\/v2\/types\/post"}],"author":[{"embeddable":true,"href":"http:\/\/www.tvturk.com\/index.php\/wp-json\/wp\/v2\/users\/1"}],"replies":[{"embeddable":true,"href":"http:\/\/www.tvturk.com\/index.php\/wp-json\/wp\/v2\/comments?post=192804"}],"version-history":[{"count":0,"href":"http:\/\/www.tvturk.com\/index.php\/wp-json\/wp\/v2\/posts\/192804\/revisions"}],"wp:featuredmedia":[{"embeddable":true,"href":"http:\/\/www.tvturk.com\/index.php\/wp-json\/wp\/v2\/media\/192805"}],"wp:attachment":[{"href":"http:\/\/www.tvturk.com\/index.php\/wp-json\/wp\/v2\/media?parent=192804"}],"wp:term":[{"taxonomy":"category","embeddable":true,"href":"http:\/\/www.tvturk.com\/index.php\/wp-json\/wp\/v2\/categories?post=192804"},{"taxonomy":"post_tag","embeddable":true,"href":"http:\/\/www.tvturk.com\/index.php\/wp-json\/wp\/v2\/tags?post=192804"}],"curies":[{"name":"wp","href":"https:\/\/api.w.org\/{rel}","templated":true}]}}