{"id":192810,"date":"2019-08-11T11:16:11","date_gmt":"2019-08-11T08:16:11","guid":{"rendered":"http:\/\/www.tvturk.com\/index.php\/almanyada-kurban-bayraminda-camiler-doldu\/"},"modified":"2019-08-11T11:16:11","modified_gmt":"2019-08-11T08:16:11","slug":"almanyada-kurban-bayraminda-camiler-doldu","status":"publish","type":"post","link":"http:\/\/www.tvturk.com\/index.php\/almanyada-kurban-bayraminda-camiler-doldu\/","title":{"rendered":"Almanya\u2019da Kurban Bayram\u0131\u2019nda camiler doldu"},"content":{"rendered":"<p>Almanya\u2019n\u0131n K\u00f6ln kentinde ya\u015fayan M\u00fcsl\u00fcmanlar, bayram namaz\u0131n\u0131 camilerde eda etti. M\u00fcsl\u00fcmanlar, bayram namaz\u0131 i\u00e7in sabah\u0131n ilk saatlerinden itibaren Diyanet \u0130\u015fleri T\u00fcrk \u0130slam Birli\u011fi (D\u0130T\u0130B) K\u00f6ln Merkez Camisi\u2019ni doldurdu.<\/p>\n<p>D\u0130T\u0130B Genel Ba\u015fkan\u0131 Kaz\u0131m T\u00fcrkmen, bayram vaaz\u0131nda, bayramlar\u0131n ne\u015fe ve sevin\u00e7 g\u00fcnleri oldu\u011funu, ruhun nefes almas\u0131na, karde\u015fler aras\u0131nda y\u0131k\u0131lan k\u00f6pr\u00fclerin yeniden onar\u0131lmas\u0131na, kapanan kap\u0131lar\u0131n tekrar a\u00e7\u0131lmas\u0131na, zay\u0131flayan akrabal\u0131k ve kom\u015fuluk ba\u011flar\u0131n\u0131n g\u00fc\u00e7lenmesine, yery\u00fcz\u00fcnde iyilik ve tebess\u00fcm katsay\u0131s\u0131n\u0131n artmas\u0131na vesile olan muhte\u015fem rahmet iklimi oldu\u011funu s\u00f6yledi. Hutbe sonras\u0131 d\u00fcnyan\u0131n \u00e7e\u015fitli b\u00f6lgelerinde s\u0131k\u0131nt\u0131 ya\u015fayan, g\u00f6zya\u015f\u0131 d\u00f6ken ve Kurban Bayram\u0131 co\u015fkusunu ya\u015fayamayan M\u00fcsl\u00fcmanlar i\u00e7in dua edildi. K\u00f6ln Merkez Cami din g\u00f6revlisi Seyfettin Erkan\u2019\u0131n k\u0131ld\u0131rd\u0131\u011f\u0131 bayram namaz\u0131n\u0131n ard\u0131ndan T\u00fcrkiye\u2019nin K\u00f6ln Konsolosu Nagi Tayru, D\u0130T\u0130B Genel Bakan\u0131 Kaz\u0131m T\u00fcrkmen ve din g\u00f6revlileri cemaatle bayramla\u015ft\u0131. K\u0131l\u0131nan bayram namaz\u0131n\u0131n ard\u0131ndan vatanda\u015flar ikram edilen lokumlardan tadarak birbirleriyle bayramla\u015ft\u0131lar.<\/p>\n<p>\u0130hlas Haber Ajans\u0131 muhabirine Kurban Bayram\u0131 vesilesiyle a\u00e7\u0131klamalarda bulunan D\u0130T\u0130B Genel Ba\u015fkan\u0131 Kaz\u0131m T\u00fcrkmen, \u201cRabbimize hamd olsun, d\u00fcnyan\u0131n d\u00f6rt bir taraf\u0131ndan gelen m\u00fcmin din karde\u015flerimizle beraber idrak etmi\u015f olduk. Buras\u0131 bizim millet varl\u0131\u011f\u0131m\u0131z\u0131n ikinci vatan\u0131 oldu. Burada b\u00fcy\u00fck k\u00fclliyeler in\u015fa ettik. Buraya gelen ilk neslimize b\u00fct\u00fcn ge\u00e7mi\u015flerimize Rabbim rahmet eylesin. Tabi buras\u0131 yabanc\u0131 bir memleket pek \u00e7ok \u00fclkeden m\u00fcsl\u00fcman var. Bu mabetimiz bu karde\u015flerimizin bulu\u015fma yeri oldu \u201c \u015feklinde konu\u015ftu. Bayramlar\u0131n, birli\u011fin, beraberli\u011fin, karde\u015fli\u011fin payla\u015f\u0131ld\u0131\u011f\u0131 ender zaman dilimlerinden oldu\u011funu s\u00f6yleyen T\u00fcrkmen, \u201cBizler d\u00fcnyan\u0131n d\u00f6rt bir taraf\u0131ndaki m\u00fcmin karde\u015flerimizle sadece kurbanlar\u0131m\u0131z\u0131 de\u011fil, karde\u015fli\u011fimizi, sevgimizi g\u00f6n\u00fclda\u015fl\u0131\u011f\u0131m\u0131z\u0131 payla\u015f\u0131yoruz. Onlarla bir ve b\u00fct\u00fcn oldu\u011fumuzu payla\u015f\u0131yoruz\u201c dedi. T\u00fcrkmen, \u201cBu bayram g\u00fcnlerinde var olan sevginin, \u015fefkatin, rahmetin, birlikteli\u011fin, karde\u015fli\u011fin ben b\u00fct\u00fcn y\u0131l boyunca, b\u00fct\u00fcn islam beldelerine, b\u00fct\u00fcn insanl\u0131\u011fa yay\u0131lmas\u0131n\u0131 cenab\u0131 Allah\u2019tan niyaz ediyorum.\u201c \u015feklinde konu\u015ftu.<\/p>\n<p>Kurban Bayram\u0131\u2019n\u0131n herkese huzur, mutluluk, bar\u0131\u015f getirmesini temenni eden T\u00fcrkiye\u2019nin K\u00f6ln Konsolosu Nagi Tayru, \u201cHalihaz\u0131rda tatil d\u00f6neminde bulunuyoruz. Almanya\u2019da ya\u015fayan baz\u0131 Avrupal\u0131 T\u00fcrkler \u015fu an T\u00fcrkiye\u2019de, baz\u0131lar\u0131 d\u00f6n\u00fc\u015f yolunda, baz\u0131lar\u0131 daha yeni T\u00fcrkiye\u2019ye gidiyor. Bunlar\u0131n hepsine hay\u0131rl\u0131 yolculuklar diliyorum. Sa\u011f salim evlerine d\u00f6nmelerini temenni ediyorum.\u201c ifadelerini kulland\u0131.<\/p>\n<p>Buradaki Kurban Bayramlar\u0131n\u0131n T\u00fcrkiye\u2019deki gibi olmad\u0131\u011f\u0131n\u0131 s\u00f6yleyen Murat Y\u0131lmaz, Kuran Bayram\u0131\u2019n\u0131 \u00e7ocuklar\u0131na elinden geldi\u011fi kadar anlatmaya \u00e7al\u0131\u015ft\u0131\u011f\u0131n\u0131 s\u00f6yledi. Y\u0131lmaz, \u201cM\u00fcsade alabilirsek baz\u0131 devletlerde oralarda kurbanlar\u0131m\u0131z\u0131 kesip evlerimize getiriyoruz. Onun d\u0131\u015f\u0131nda ba\u011f\u0131\u015fl\u0131yoruz kurbanlar\u0131m\u0131z\u0131. Evde kahvalt\u0131, aile ziyareti yap\u0131yoruz. Ger\u00e7i \u015fimdi izin dolay\u0131s\u0131yla herkes T\u00fcrkiye\u2019de\u201c dedi.<\/p>\n","protected":false},"excerpt":{"rendered":"<p>ALMANYA&#8217;NIN K\u00d6LN KENT\u0130NDE YA\u015eAYAN M\u00dcSL\u00dcMANLAR, BAYRAM NAMAZINI CAM\u0130LERDE EDA ETT\u0130.<\/p>\n","protected":false},"author":1,"featured_media":192811,"comment_status":"closed","ping_status":"open","sticky":false,"template":"","format":"standard","meta":{"jetpack_post_was_ever_published":false,"_jetpack_newsletter_access":"","_jetpack_dont_email_post_to_subs":false,"_jetpack_newsletter_tier_id":0,"_jetpack_memberships_contains_paywalled_content":false,"_jetpack_memberships_contains_paid_content":false,"footnotes":"","jetpack_publicize_message":"","jetpack_publicize_feature_enabled":true,"jetpack_social_post_already_shared":true,"jetpack_social_options":{"image_generator_settings":{"template":"highway","default_image_id":0,"font":"","enabled":false},"version":2}},"categories":[10],"tags":[6637,24243,20222,7688,20956],"class_list":["post-192810","post","type-post","status-publish","format-standard","has-post-thumbnail","hentry","category-dunya","tag-almanyada","tag-bayraminda","tag-camiler","tag-doldu","tag-kurban"],"jetpack_publicize_connections":[],"jetpack_featured_media_url":"https:\/\/i0.wp.com\/www.tvturk.com\/wp-content\/uploads\/2019\/08\/almanyada-kurban-bayraminda-camiler-doldu_c55b703.jpg?fit=1000%2C666","jetpack_sharing_enabled":true,"jetpack_shortlink":"https:\/\/wp.me\/paKIfm-O9Q","_links":{"self":[{"href":"http:\/\/www.tvturk.com\/index.php\/wp-json\/wp\/v2\/posts\/192810","targetHints":{"allow":["GET"]}}],"collection":[{"href":"http:\/\/www.tvturk.com\/index.php\/wp-json\/wp\/v2\/posts"}],"about":[{"href":"http:\/\/www.tvturk.com\/index.php\/wp-json\/wp\/v2\/types\/post"}],"author":[{"embeddable":true,"href":"http:\/\/www.tvturk.com\/index.php\/wp-json\/wp\/v2\/users\/1"}],"replies":[{"embeddable":true,"href":"http:\/\/www.tvturk.com\/index.php\/wp-json\/wp\/v2\/comments?post=192810"}],"version-history":[{"count":0,"href":"http:\/\/www.tvturk.com\/index.php\/wp-json\/wp\/v2\/posts\/192810\/revisions"}],"wp:featuredmedia":[{"embeddable":true,"href":"http:\/\/www.tvturk.com\/index.php\/wp-json\/wp\/v2\/media\/192811"}],"wp:attachment":[{"href":"http:\/\/www.tvturk.com\/index.php\/wp-json\/wp\/v2\/media?parent=192810"}],"wp:term":[{"taxonomy":"category","embeddable":true,"href":"http:\/\/www.tvturk.com\/index.php\/wp-json\/wp\/v2\/categories?post=192810"},{"taxonomy":"post_tag","embeddable":true,"href":"http:\/\/www.tvturk.com\/index.php\/wp-json\/wp\/v2\/tags?post=192810"}],"curies":[{"name":"wp","href":"https:\/\/api.w.org\/{rel}","templated":true}]}}