{"id":192812,"date":"2019-08-11T11:16:27","date_gmt":"2019-08-11T08:16:27","guid":{"rendered":"http:\/\/www.tvturk.com\/index.php\/gorme-engelli-yetimin-kurban-hayali-gercek-oldu\/"},"modified":"2019-08-11T11:16:27","modified_gmt":"2019-08-11T08:16:27","slug":"gorme-engelli-yetimin-kurban-hayali-gercek-oldu","status":"publish","type":"post","link":"http:\/\/www.tvturk.com\/index.php\/gorme-engelli-yetimin-kurban-hayali-gercek-oldu\/","title":{"rendered":"G\u00f6rme engelli yetimin kurban hayali ger\u00e7ek oldu"},"content":{"rendered":"<p>Adana\u2019da do\u011fmadan babas\u0131n\u0131 trafik kazas\u0131nda kaybeden ve 2 ya\u015f\u0131ndayken g\u00f6rme engelli olan ve bu zamana kadar hi\u00e7 kurban kesmeyen 13 ya\u015f\u0131ndaki \u00e7ocu\u011fun hayali bir iyilik derne\u011fi taraf\u0131ndan ger\u00e7ekle\u015ftirildi.<\/p>\n<p>Meryem Demirbo\u011fan bundan 20 y\u0131l \u00f6nce Mustafa Demirbo\u011fan isimli biriyle evlendi. Bu evlilikten \u00e7iftin bir k\u0131z \u00e7ocuklar\u0131 oldu. Meryem Demirbo\u011fan ikinci \u00e7ocu\u011fa hamile kald\u0131. Hamileli\u011fin 5. ay\u0131nda ise \u00e7ift\u00e7ilikle u\u011fra\u015fan e\u015fi Osmaniye\u2019de 13 y\u0131l \u00f6nce ge\u00e7irdi\u011fi trafik kazas\u0131nda hayat\u0131n\u0131 kaybetti. Kocas\u0131 \u00f6ld\u00fckten 4 ay sonra Mustafa Do\u011fukan ismini verdi\u011fi \u00e7ocu\u011fu d\u00fcnyaya geldi. Ancak \u00e7ocuk 2 ya\u015f\u0131ndayken ge\u00e7irdi\u011fi rahats\u0131zl\u0131k nedeniyle g\u00f6rme engelli kald\u0131. Kocas\u0131z tek ba\u015f\u0131na maddi s\u0131k\u0131nt\u0131larla bo\u011fu\u015fan gen\u00e7 kad\u0131n bir de o\u011flunun g\u00f6rme engeli problemiyle u\u011fra\u015fmak zorunda kald\u0131. E\u015fi hayattayken de maddi imkans\u0131zlar ya\u015fayan gen\u00e7 kad\u0131n 20 y\u0131ld\u0131r hi\u00e7 kurban kesemiyordu. Bu nedenle bayramlarda \u00e7ocuklar\u0131yla birlikte evde oturuyor d\u0131\u015far\u0131 da \u00e7\u0131km\u0131yordu. Ancak bu bayramda g\u00f6rme engelli o\u011flu da kurban isteyince gen\u00e7 kad\u0131n, K\u00f6pr\u00fc Yard\u0131mla\u015fma Derne\u011fi Ba\u015fkan\u0131 Bekir Fevzi Y\u0131ld\u0131r\u0131m\u2019\u0131n yetim ve \u00f6ks\u00fczlere kurban da\u011f\u0131tt\u0131\u011f\u0131n\u0131 duyunca onu arad\u0131. Bunun \u00fczerine Y\u0131ld\u0131r\u0131m aileyi inceleyip muhta\u00e7 olup olmad\u0131klar\u0131n\u0131 \u00f6\u011frenince bayram\u0131n 1. g\u00fcn\u00fc aileye kurban getirdi. Anne ve o\u011flu kurbanl\u0131\u011f\u0131n gelmesiyle sevince bo\u011fuldu. Kurban\u0131 g\u00f6remeyen Mustafa Do\u011fukan Demirbo\u011fan ona dokunup ok\u015fayarak sevdi.<\/p>\n<p>Y\u0131ld\u0131r\u0131m, 22 y\u0131ld\u0131r \u00f6ks\u00fcz ve yetimlere canl\u0131 kurban da\u011f\u0131tt\u0131klar\u0131n\u0131 belirterek, &#8220;Bu sene hedefimiz 53 aileye kurban g\u00f6t\u00fcrmek. Biz nas\u0131l kendi evimizde kurban\u0131 tekbirlerle kesip kan\u0131n\u0131 \u00e7ocuklar\u0131m\u0131z\u0131n aln\u0131na s\u00fcr\u00fcyorsak, yetim evlerde de bu an ya\u015fans\u0131n istiyoruz. Bug\u00fcn tespit etti\u011fimiz bir aile ve \u00e7ocu\u011fu hayvan sevgisiyle dolu. Babas\u0131 hayattayken bile kurban kesmemi\u015f bir aile ve bu ailenin \u00e7ocu\u011fu g\u00f6rme \u00f6z\u00fcrl\u00fc. \u00c7ocu\u011fumuzun annesi diyor ki, \u2019kom\u015fular kurban haricindeki g\u00fcnlerde de mangal yap\u0131yorlar ve o\u011flum etkileniyor bizim bunu yapmaya imkan\u0131m\u0131z yok\u2019. Bizde diyoruz ki bayramda \u00e7ocuklar sevinsin evlerde ocak t\u00fcts\u00fcn b\u00fct\u00fcn evlere bayram sevinci girsin&#8221; dedi.<\/p>\n<p>Anne Meryem Demirbo\u011fan ise, &#8220;O\u011flum 2 ya\u015f\u0131ndan beri g\u00f6rme engelli gelecek sene ameliyat\u0131 var bundan dolay\u0131 da kurban kesemiyoruz. Maddi durumumuz iyi olmad\u0131\u011f\u0131 i\u00e7in 20 y\u0131ldan bu yana kurban kesemiyoruz e\u015fim trafik kazas\u0131nda vefat etti. Kurban kesemedi\u011fimiz i\u00e7in bayramda evden d\u0131\u015far\u0131ya \u00e7\u0131km\u0131yorum yani fazla irtibat kurmuyorum. Ne diyece\u011fimi bilmiyorum karma\u015f\u0131k duygular i\u00e7indeyim kurban kesmek g\u00fczel bir \u015fey, o\u011flum \u00e7ok istemi\u015fti&#8221; diye konu\u015farak duyguland\u0131.<\/p>\n","protected":false},"excerpt":{"rendered":"<p>ADANA&#8217;DA D\u00dcNYAYA GELMEDEN BABASINI TRAF\u0130K KAZASINDA KAYBEDEN VE 2 YA\u015eINDAYKEN G\u00d6RME ENGELL\u0130 OLAN VE BU ZAMANA KADAR H\u0130\u00c7 KURBAN KESMEYEN 13 YA\u015eINDAK\u0130 \u00c7OCU\u011eUN HAYAL\u0130 B\u0130R \u0130Y\u0130L\u0130K DERNE\u011e\u0130 TARAFINDAN GER\u00c7EKLE\u015eT\u0130R\u0130LD\u0130<\/p>\n","protected":false},"author":1,"featured_media":192813,"comment_status":"closed","ping_status":"open","sticky":false,"template":"","format":"standard","meta":{"jetpack_post_was_ever_published":false,"_jetpack_newsletter_access":"","_jetpack_dont_email_post_to_subs":false,"_jetpack_newsletter_tier_id":0,"_jetpack_memberships_contains_paywalled_content":false,"_jetpack_memberships_contains_paid_content":false,"footnotes":"","jetpack_publicize_message":"","jetpack_publicize_feature_enabled":true,"jetpack_social_post_already_shared":true,"jetpack_social_options":{"image_generator_settings":{"template":"highway","default_image_id":0,"font":"","enabled":false},"version":2}},"categories":[1],"tags":[1784,1871,8240,8368,20956,77,48265],"class_list":["post-192812","post","type-post","status-publish","format-standard","has-post-thumbnail","hentry","category-genel","tag-engelli","tag-gercek","tag-gorme","tag-hayali","tag-kurban","tag-oldu","tag-yetimin"],"jetpack_publicize_connections":[],"jetpack_featured_media_url":"https:\/\/i0.wp.com\/www.tvturk.com\/wp-content\/uploads\/2019\/08\/gorme-engelli-yetimin-kurban-hayali-gercek-oldu_211fd4b.jpg?fit=1000%2C622","jetpack_sharing_enabled":true,"jetpack_shortlink":"https:\/\/wp.me\/paKIfm-O9S","_links":{"self":[{"href":"http:\/\/www.tvturk.com\/index.php\/wp-json\/wp\/v2\/posts\/192812","targetHints":{"allow":["GET"]}}],"collection":[{"href":"http:\/\/www.tvturk.com\/index.php\/wp-json\/wp\/v2\/posts"}],"about":[{"href":"http:\/\/www.tvturk.com\/index.php\/wp-json\/wp\/v2\/types\/post"}],"author":[{"embeddable":true,"href":"http:\/\/www.tvturk.com\/index.php\/wp-json\/wp\/v2\/users\/1"}],"replies":[{"embeddable":true,"href":"http:\/\/www.tvturk.com\/index.php\/wp-json\/wp\/v2\/comments?post=192812"}],"version-history":[{"count":0,"href":"http:\/\/www.tvturk.com\/index.php\/wp-json\/wp\/v2\/posts\/192812\/revisions"}],"wp:featuredmedia":[{"embeddable":true,"href":"http:\/\/www.tvturk.com\/index.php\/wp-json\/wp\/v2\/media\/192813"}],"wp:attachment":[{"href":"http:\/\/www.tvturk.com\/index.php\/wp-json\/wp\/v2\/media?parent=192812"}],"wp:term":[{"taxonomy":"category","embeddable":true,"href":"http:\/\/www.tvturk.com\/index.php\/wp-json\/wp\/v2\/categories?post=192812"},{"taxonomy":"post_tag","embeddable":true,"href":"http:\/\/www.tvturk.com\/index.php\/wp-json\/wp\/v2\/tags?post=192812"}],"curies":[{"name":"wp","href":"https:\/\/api.w.org\/{rel}","templated":true}]}}