{"id":192880,"date":"2019-08-11T14:01:20","date_gmt":"2019-08-11T11:01:20","guid":{"rendered":"http:\/\/www.tvturk.com\/index.php\/kktc-cumhurbaskani-akinci-bayram-tebriklerini-kabul-etti\/"},"modified":"2019-08-11T14:01:20","modified_gmt":"2019-08-11T11:01:20","slug":"kktc-cumhurbaskani-akinci-bayram-tebriklerini-kabul-etti","status":"publish","type":"post","link":"http:\/\/www.tvturk.com\/index.php\/kktc-cumhurbaskani-akinci-bayram-tebriklerini-kabul-etti\/","title":{"rendered":"KKTC Cumhurba\u015fkan\u0131 Ak\u0131nc\u0131 Bayram tebriklerini kabul etti"},"content":{"rendered":"<p>KKTC Cumhurba\u015fkan\u0131 Mustafa Ak\u0131nc\u0131 ve e\u015fi Meral Ak\u0131nc\u0131 halk\u0131n bayram tebriklerini kabul etti.<\/p>\n<p>Cumhurba\u015fkanl\u0131\u011f\u0131nda yer alan bayramla\u015fmaya, Cumhuriyet Meclisi Ba\u015fkan\u0131 Teberr\u00fcken Ulu\u00e7ay, Ba\u015fbakan Ersin Tatar, Milli Savunma Bakan\u0131 Hulusi Akar, TSK komutanlar\u0131, KTBK ve GKK komutanlar\u0131, baz\u0131 bakan ve milletvekilleri, siyasi parti yetkilileri ve di\u011fer yetkililerle vatanda\u015flar kat\u0131ld\u0131. Cumhurba\u015fkan\u0131 Ak\u0131nc\u0131 tebrik kabul\u00fcn\u00fcn ard\u0131ndan Cumhurba\u015fkanl\u0131\u011f\u0131 Bah\u00e7esinde konuklarla sohbet etti, \u00e7ocuklara bayram hediyeleri verdi ve foto\u011fraf \u00e7ektirdi. Cumhurba\u015fkan\u0131 Ak\u0131nc\u0131, tebrik kabul\u00fc \u00f6ncesinde yapt\u0131\u011f\u0131 k\u0131sa a\u00e7\u0131klamada, t\u00fcm halk\u0131n, T\u00fcrk milletinin ve \u0130slam aleminin bayram\u0131n\u0131 kutlad\u0131.<\/p>\n<p>\u201cBayramlar \u00f6zel g\u00fcnler, dostluk, karde\u015flik duygular\u0131 peki\u015fmeli&#8221;<\/p>\n<p>Ak\u0131nc\u0131, Bayram g\u00fcnlerinin sa\u011fl\u0131k huzur mutlulukla ge\u00e7mesini diledi. Ak\u0131nc\u0131, bayramlar\u0131n \u00f6zel g\u00fcnler oldu\u011funa i\u015faret ederek, b\u00fct\u00fcn k\u0131rg\u0131nl\u0131klar\u0131n bir kenara itilmesi gerekti\u011fine vurgu yapt\u0131 ve bayramda, dostluk, karde\u015flik duygular\u0131n\u0131n peki\u015fmesini diledi, herkese kazas\u0131z belas\u0131z bir bayram temenni etti.<\/p>\n","protected":false},"excerpt":{"rendered":"<p>CUMHURBA\u015eKANLI\u011eINDAK\u0130 BAYRAMLA\u015eMAYA M\u0130LL\u0130 SAVUNMA BAKANI HULUS\u0130 AKAR DA KATILDI<\/p>\n","protected":false},"author":1,"featured_media":192881,"comment_status":"closed","ping_status":"open","sticky":false,"template":"","format":"standard","meta":{"jetpack_post_was_ever_published":false,"_jetpack_newsletter_access":"","_jetpack_dont_email_post_to_subs":false,"_jetpack_newsletter_tier_id":0,"_jetpack_memberships_contains_paywalled_content":false,"_jetpack_memberships_contains_paid_content":false,"footnotes":"","jetpack_publicize_message":"","jetpack_publicize_feature_enabled":true,"jetpack_social_post_already_shared":true,"jetpack_social_options":{"image_generator_settings":{"template":"highway","default_image_id":0,"font":"","enabled":false},"version":2}},"categories":[10],"tags":[15793,23995,503,207,654,9977,48279],"class_list":["post-192880","post","type-post","status-publish","format-standard","has-post-thumbnail","hentry","category-dunya","tag-akinci","tag-bayram","tag-cumhurbaskani","tag-etti","tag-kabul","tag-kktc","tag-tebriklerini"],"jetpack_publicize_connections":[],"jetpack_featured_media_url":"https:\/\/i0.wp.com\/www.tvturk.com\/wp-content\/uploads\/2019\/08\/kktc-cumhurbaskani-akinci-bayram-tebriklerini-kabul-etti_3af2923.jpg?fit=1000%2C666","jetpack_sharing_enabled":true,"jetpack_shortlink":"https:\/\/wp.me\/paKIfm-OaY","_links":{"self":[{"href":"http:\/\/www.tvturk.com\/index.php\/wp-json\/wp\/v2\/posts\/192880","targetHints":{"allow":["GET"]}}],"collection":[{"href":"http:\/\/www.tvturk.com\/index.php\/wp-json\/wp\/v2\/posts"}],"about":[{"href":"http:\/\/www.tvturk.com\/index.php\/wp-json\/wp\/v2\/types\/post"}],"author":[{"embeddable":true,"href":"http:\/\/www.tvturk.com\/index.php\/wp-json\/wp\/v2\/users\/1"}],"replies":[{"embeddable":true,"href":"http:\/\/www.tvturk.com\/index.php\/wp-json\/wp\/v2\/comments?post=192880"}],"version-history":[{"count":0,"href":"http:\/\/www.tvturk.com\/index.php\/wp-json\/wp\/v2\/posts\/192880\/revisions"}],"wp:featuredmedia":[{"embeddable":true,"href":"http:\/\/www.tvturk.com\/index.php\/wp-json\/wp\/v2\/media\/192881"}],"wp:attachment":[{"href":"http:\/\/www.tvturk.com\/index.php\/wp-json\/wp\/v2\/media?parent=192880"}],"wp:term":[{"taxonomy":"category","embeddable":true,"href":"http:\/\/www.tvturk.com\/index.php\/wp-json\/wp\/v2\/categories?post=192880"},{"taxonomy":"post_tag","embeddable":true,"href":"http:\/\/www.tvturk.com\/index.php\/wp-json\/wp\/v2\/tags?post=192880"}],"curies":[{"name":"wp","href":"https:\/\/api.w.org\/{rel}","templated":true}]}}