{"id":192888,"date":"2019-08-11T14:31:32","date_gmt":"2019-08-11T11:31:32","guid":{"rendered":"http:\/\/www.tvturk.com\/index.php\/izmirde-kurban-bayrami\/"},"modified":"2019-08-11T14:31:32","modified_gmt":"2019-08-11T11:31:32","slug":"izmirde-kurban-bayrami","status":"publish","type":"post","link":"http:\/\/www.tvturk.com\/index.php\/izmirde-kurban-bayrami\/","title":{"rendered":"\u0130zmir\u2019de Kurban Bayram\u0131"},"content":{"rendered":"<p>\u0130zmirli vatanda\u015flar, Kurban Bayram\u0131\u2019n\u0131n 1. g\u00fcn\u00fcnde sabah\u0131n erken saatlerinden itibaren kurbanl\u0131klar\u0131n\u0131 kesti. Baz\u0131 vatanda\u015flar, fiyatlar\u0131n daha uygun olmas\u0131 sebebiyle kurbanl\u0131klar\u0131 bayram\u0131n ilk g\u00fcn\u00fc almay\u0131 tercih etti.<\/p>\n<p>Yurt genelinde oldu\u011fu gibi \u0130zmir\u2019de de vatanda\u015flar Kurban Bayram\u0131\u2019n\u0131n ilk g\u00fcn\u00fc kurbanl\u0131klar\u0131 kesmeye ba\u015flad\u0131. Kurban sat\u0131c\u0131lar\u0131 bu y\u0131lki sat\u0131\u015flardan memnun oldu\u011funu belirtirken, fiyatlar\u0131n daha uygun olmas\u0131 sebebiyle baz\u0131 vatanda\u015flar sabah\u0131n erken saatlerinde kurban pazarlar\u0131na ko\u015farak sat\u0131c\u0131larla pazarl\u0131k yapt\u0131.<\/p>\n<p>Kurbanl\u0131klar bitirdiler<\/p>\n<p>100 k\u00fc\u00e7\u00fckba\u015f hayvan\u0131 arefe g\u00fcn\u00fcne kadar satt\u0131\u011f\u0131n\u0131 belirten Durmu\u015f Kuva, \u201cAllah\u2019a \u015f\u00fck\u00fcr t\u00fcm hayvanlar\u0131 satt\u0131m. 100 k\u00fc\u00e7\u00fckba\u015f getirmi\u015ftim, hepsi bitti\u201d dedi. Kuva ile pazarl\u0131k yaparak bin 200 liraya kurbanl\u0131k alan Suat Alt\u0131nay ise, \u201cEmekli ikramiyesiyle bir tane kurbanl\u0131k ald\u0131k. Son hayvan\u0131 almak bize k\u0131smetmi\u015f\u201d diye konu\u015ftu.<\/p>\n<p>\u201cDini vecibelere uygun kesiyoruz\u201d<\/p>\n<p>Kurbanl\u0131k danay\u0131 temiz bir ortamda kestiklerini s\u00f6yleyen Memduh K\u0131p\u00e7ak isimli vatanda\u015f, \u201cKurban\u0131m\u0131z\u0131 eziyet etmeden olmas\u0131 gerekti\u011fi gibi kestik. Kesim yerleri \u00e7ok kalabal\u0131kt\u0131. Bu y\u00fczden uygun bir ortamda d\u00fczenimizi kurarak temiz bir \u015fekilde kurban\u0131 kestik\u201d derken, kasap Ka\u015fif Bilgi\u00e7 de, \u201cBayram g\u00fczel ge\u00e7iyor. Temiz bir ortamda dini vecibelere uygun bir \u015fekilde kurbanlar\u0131 kestik. Biz burada gerekli olan d\u00fczeni sa\u011flayarak kurban\u0131 kestik. Belediye g\u00f6revlileri de gelip g\u00f6rd\u00fc. Bir sorun olmad\u0131\u011f\u0131n\u0131 s\u00f6ylediler\u201d diye konu\u015ftu.<\/p>\n","protected":false},"excerpt":{"rendered":"<p>\u0130ZM\u0130RL\u0130 VATANDA\u015eLAR, KURBAN BAYRAMI\u2019NIN 1. G\u00dcN\u00dcNDE SABAHIN ERKEN SAATLER\u0130NDEN \u0130T\u0130BAREN KURBANLIKLARINI KEST\u0130.<\/p>\n","protected":false},"author":1,"featured_media":192889,"comment_status":"closed","ping_status":"open","sticky":false,"template":"","format":"standard","meta":{"jetpack_post_was_ever_published":false,"_jetpack_newsletter_access":"","_jetpack_dont_email_post_to_subs":false,"_jetpack_newsletter_tier_id":0,"_jetpack_memberships_contains_paywalled_content":false,"_jetpack_memberships_contains_paid_content":false,"footnotes":"","jetpack_publicize_message":"","jetpack_publicize_feature_enabled":true,"jetpack_social_post_already_shared":true,"jetpack_social_options":{"image_generator_settings":{"template":"highway","default_image_id":0,"font":"","enabled":false},"version":2}},"categories":[1],"tags":[6193,1554,20956],"class_list":["post-192888","post","type-post","status-publish","format-standard","has-post-thumbnail","hentry","category-genel","tag-bayrami","tag-izmirde","tag-kurban"],"jetpack_publicize_connections":[],"jetpack_featured_media_url":"https:\/\/i0.wp.com\/www.tvturk.com\/wp-content\/uploads\/2019\/08\/izmirde-kurban-bayrami_3aed920.jpg?fit=1000%2C666","jetpack_sharing_enabled":true,"jetpack_shortlink":"https:\/\/wp.me\/paKIfm-Ob6","_links":{"self":[{"href":"http:\/\/www.tvturk.com\/index.php\/wp-json\/wp\/v2\/posts\/192888","targetHints":{"allow":["GET"]}}],"collection":[{"href":"http:\/\/www.tvturk.com\/index.php\/wp-json\/wp\/v2\/posts"}],"about":[{"href":"http:\/\/www.tvturk.com\/index.php\/wp-json\/wp\/v2\/types\/post"}],"author":[{"embeddable":true,"href":"http:\/\/www.tvturk.com\/index.php\/wp-json\/wp\/v2\/users\/1"}],"replies":[{"embeddable":true,"href":"http:\/\/www.tvturk.com\/index.php\/wp-json\/wp\/v2\/comments?post=192888"}],"version-history":[{"count":0,"href":"http:\/\/www.tvturk.com\/index.php\/wp-json\/wp\/v2\/posts\/192888\/revisions"}],"wp:featuredmedia":[{"embeddable":true,"href":"http:\/\/www.tvturk.com\/index.php\/wp-json\/wp\/v2\/media\/192889"}],"wp:attachment":[{"href":"http:\/\/www.tvturk.com\/index.php\/wp-json\/wp\/v2\/media?parent=192888"}],"wp:term":[{"taxonomy":"category","embeddable":true,"href":"http:\/\/www.tvturk.com\/index.php\/wp-json\/wp\/v2\/categories?post=192888"},{"taxonomy":"post_tag","embeddable":true,"href":"http:\/\/www.tvturk.com\/index.php\/wp-json\/wp\/v2\/tags?post=192888"}],"curies":[{"name":"wp","href":"https:\/\/api.w.org\/{rel}","templated":true}]}}