{"id":192894,"date":"2019-08-11T14:46:18","date_gmt":"2019-08-11T11:46:18","guid":{"rendered":"http:\/\/www.tvturk.com\/index.php\/ozel-istanbullular-adalar-iskelesine-akin-etti\/"},"modified":"2019-08-11T14:46:18","modified_gmt":"2019-08-11T11:46:18","slug":"ozel-istanbullular-adalar-iskelesine-akin-etti","status":"publish","type":"post","link":"http:\/\/www.tvturk.com\/index.php\/ozel-istanbullular-adalar-iskelesine-akin-etti\/","title":{"rendered":"(\u00d6zel) \u0130stanbullular Adalar \u0130skelesi\u2019ne ak\u0131n etti"},"content":{"rendered":"<p>Kurban Bayram\u0131\u2019nda \u0130stanbul\u2019da kalan kent sakinleri ve yabanc\u0131 turistler, adalara gitmek i\u00e7in Emin\u00f6n\u00fc\u2019ne ak\u0131n etti. \u015eehir hatlar\u0131 iskelesinden s\u0131k s\u0131k ek seferler yap\u0131ld\u0131\u011f\u0131 ve vapurun kapasitesi \u00fcst\u00fcne ki\u015fi almayaca\u011f\u0131 duyurusu yap\u0131ld\u0131.<\/p>\n<p>Kurban Bayram\u0131 tatilini \u0130stanbul\u2019da ge\u00e7irmek isteyen vatanda\u015flar s\u0131cakl\u0131klar\u0131nda y\u00fckselmesi ile adalara gitmek i\u00e7in Emin\u00f6n\u00fc\u2019ne ak\u0131n etti. \u015eehir hatlar\u0131nda vatanda\u015flar adalar vapuruna binebilmek i\u00e7in uzun s\u00fcre bekledi. Vatanda\u015flar\u0131n olu\u015fturdu\u011fu insan seli havadan g\u00f6r\u00fcnt\u00fclendi. G\u00f6r\u00fcnt\u00fclerde Emin\u00f6n\u00fc \u015eehir Hatlar\u0131 Adalar \u0130skelesi\u2019nin \u00f6n\u00fcnde bekleyen vatanda\u015flar\u0131n yola kadar ta\u015f\u0131p uzun kuyruklar olu\u015fturdu\u011fu g\u00f6r\u00fcld\u00fc.<\/p>\n<p>B\u00fcy\u00fckada, Heybeliada, K\u0131nal\u0131ada, Burgazada\u2019ya gitmek isteyen yerli ve yabanc\u0131 turistler ise g\u00f6rd\u00fckleri yo\u011funluk kar\u015f\u0131s\u0131nda \u015fa\u015fk\u0131na g\u00f6nd\u00fcler. \u015eehir Hatlar\u0131 Adalar iskelesinde vatanda\u015flara ek sefer yap\u0131laca\u011f\u0131 anonslar\u0131 verildi.<\/p>\n","protected":false},"excerpt":{"rendered":"<p>KURBAN BAYRAMI\u2019NDA \u0130STANBUL\u2019DA KALAN KENT SAK\u0130NLER\u0130 VE YABANCI TUR\u0130STLER, ADALARA G\u0130TMEK \u0130\u00c7\u0130N EM\u0130N\u00d6N\u00dc\u2019NE AKIN ETT\u0130.<\/p>\n","protected":false},"author":1,"featured_media":192895,"comment_status":"closed","ping_status":"open","sticky":false,"template":"","format":"standard","meta":{"jetpack_post_was_ever_published":false,"_jetpack_newsletter_access":"","_jetpack_dont_email_post_to_subs":false,"_jetpack_newsletter_tier_id":0,"_jetpack_memberships_contains_paywalled_content":false,"_jetpack_memberships_contains_paid_content":false,"footnotes":"","jetpack_publicize_message":"","jetpack_publicize_feature_enabled":true,"jetpack_social_post_already_shared":true,"jetpack_social_options":{"image_generator_settings":{"template":"highway","default_image_id":0,"font":"","enabled":false},"version":2}},"categories":[1],"tags":[1073,5025,328,207,48284,17236],"class_list":["post-192894","post","type-post","status-publish","format-standard","has-post-thumbnail","hentry","category-genel","tag-ozel","tag-adalar","tag-akin","tag-etti","tag-iskelesine","tag-istanbullular"],"jetpack_publicize_connections":[],"jetpack_featured_media_url":"https:\/\/i0.wp.com\/www.tvturk.com\/wp-content\/uploads\/2019\/08\/ozel-istanbullular-adalar-iskelesine-akin-etti_40a8a5b.jpg?fit=1000%2C562","jetpack_sharing_enabled":true,"jetpack_shortlink":"https:\/\/wp.me\/paKIfm-Obc","_links":{"self":[{"href":"http:\/\/www.tvturk.com\/index.php\/wp-json\/wp\/v2\/posts\/192894","targetHints":{"allow":["GET"]}}],"collection":[{"href":"http:\/\/www.tvturk.com\/index.php\/wp-json\/wp\/v2\/posts"}],"about":[{"href":"http:\/\/www.tvturk.com\/index.php\/wp-json\/wp\/v2\/types\/post"}],"author":[{"embeddable":true,"href":"http:\/\/www.tvturk.com\/index.php\/wp-json\/wp\/v2\/users\/1"}],"replies":[{"embeddable":true,"href":"http:\/\/www.tvturk.com\/index.php\/wp-json\/wp\/v2\/comments?post=192894"}],"version-history":[{"count":0,"href":"http:\/\/www.tvturk.com\/index.php\/wp-json\/wp\/v2\/posts\/192894\/revisions"}],"wp:featuredmedia":[{"embeddable":true,"href":"http:\/\/www.tvturk.com\/index.php\/wp-json\/wp\/v2\/media\/192895"}],"wp:attachment":[{"href":"http:\/\/www.tvturk.com\/index.php\/wp-json\/wp\/v2\/media?parent=192894"}],"wp:term":[{"taxonomy":"category","embeddable":true,"href":"http:\/\/www.tvturk.com\/index.php\/wp-json\/wp\/v2\/categories?post=192894"},{"taxonomy":"post_tag","embeddable":true,"href":"http:\/\/www.tvturk.com\/index.php\/wp-json\/wp\/v2\/tags?post=192894"}],"curies":[{"name":"wp","href":"https:\/\/api.w.org\/{rel}","templated":true}]}}