{"id":192902,"date":"2019-08-11T15:16:25","date_gmt":"2019-08-11T12:16:25","guid":{"rendered":"http:\/\/www.tvturk.com\/index.php\/yaylada-kurban-bayrami\/"},"modified":"2019-08-11T15:16:25","modified_gmt":"2019-08-11T12:16:25","slug":"yaylada-kurban-bayrami","status":"publish","type":"post","link":"http:\/\/www.tvturk.com\/index.php\/yaylada-kurban-bayrami\/","title":{"rendered":"Yaylada Kurban Bayram\u0131"},"content":{"rendered":"<p>Do\u011fu ve G\u00fcneydo\u011fu Anadolu b\u00f6lgelerinde havalar\u0131n \u0131s\u0131nmas\u0131yla birlikte yaylalara \u00e7\u0131kan g\u00f6\u00e7erlerde Kurban Bayram\u0131 renkli ge\u00e7iyor.<\/p>\n<p>Y\u0131ll\u0131n beni d\u00f6nemlerinde hayvanlar\u0131na verimli otlar bulmak amac\u0131yla yer de\u011fi\u015ftirmek zorunda kalan g\u00f6\u00e7erler, bayram\u0131 da yaylada ge\u00e7iriyorlar. Bitlis\u2019in Duap Yaylas\u0131na gelen Siirtli g\u00f6\u00e7erler, bayram namaz\u0131n\u0131 k\u0131ld\u0131ktan sonra serin yaylada kavurma yiyip, \u00e7ad\u0131rlar\u0131 ziyaret ettiler.<\/p>\n<p>Yaylada do\u011fup yaylada ya\u015fayan Habib Ke\u015fli (75), gazetecileri yapt\u0131\u011f\u0131 a\u00e7\u0131klamada, &#8220;\u0130lkbaharda buraya gelerek yakla\u015f\u0131k 4 ay boyunca burada kal\u0131yoruz. Bayramlar\u0131 da yaylada kutluyoruz. Bayram g\u00fcnleri sabah kalk\u0131p namaz k\u0131ld\u0131ktan sonra tek tek \u00e7ad\u0131rlar\u0131 dola\u015f\u0131yoruz\u201d dedi.<\/p>\n<p>Metin Ke\u015fli isimli g\u00f6\u00e7er ise \u201cBu g\u00fcn Kurban Bayram\u0131. Bizler yine da\u011flarday\u0131z. Hayvanc\u0131l\u0131k i\u00e7in buraya geliyoruz. \u00c7oluk \u00e7ocuk bu da\u011flarda ya\u015f\u0131yoruz\u201d ifadelerini kulland\u0131.<\/p>\n","protected":false},"excerpt":{"rendered":"<p>DO\u011eUN VE G\u00dcNEYDO\u011eU ANADOLU B\u00d6LGELER\u0130NDE HAVALARIN ISINMASIYLA YAYLALARA \u00c7IKAN G\u00d6\u00c7ERLER, ZORLU ANCAK B\u0130R O KADAR RENKL\u0130 YA\u015eAMLARIYLA D\u0130KKAT \u00c7EK\u0130YOR.<\/p>\n","protected":false},"author":1,"featured_media":192903,"comment_status":"closed","ping_status":"open","sticky":false,"template":"","format":"standard","meta":{"jetpack_post_was_ever_published":false,"_jetpack_newsletter_access":"","_jetpack_dont_email_post_to_subs":false,"_jetpack_newsletter_tier_id":0,"_jetpack_memberships_contains_paywalled_content":false,"_jetpack_memberships_contains_paid_content":false,"footnotes":"","jetpack_publicize_message":"","jetpack_publicize_feature_enabled":true,"jetpack_social_post_already_shared":true,"jetpack_social_options":{"image_generator_settings":{"template":"highway","default_image_id":0,"font":"","enabled":false},"version":2}},"categories":[1],"tags":[6193,20956,7159],"class_list":["post-192902","post","type-post","status-publish","format-standard","has-post-thumbnail","hentry","category-genel","tag-bayrami","tag-kurban","tag-yaylada"],"jetpack_publicize_connections":[],"jetpack_featured_media_url":"https:\/\/i0.wp.com\/www.tvturk.com\/wp-content\/uploads\/2019\/08\/yaylada-kurban-bayrami_f8b51c7.jpg?fit=1000%2C666","jetpack_sharing_enabled":true,"jetpack_shortlink":"https:\/\/wp.me\/paKIfm-Obk","_links":{"self":[{"href":"http:\/\/www.tvturk.com\/index.php\/wp-json\/wp\/v2\/posts\/192902","targetHints":{"allow":["GET"]}}],"collection":[{"href":"http:\/\/www.tvturk.com\/index.php\/wp-json\/wp\/v2\/posts"}],"about":[{"href":"http:\/\/www.tvturk.com\/index.php\/wp-json\/wp\/v2\/types\/post"}],"author":[{"embeddable":true,"href":"http:\/\/www.tvturk.com\/index.php\/wp-json\/wp\/v2\/users\/1"}],"replies":[{"embeddable":true,"href":"http:\/\/www.tvturk.com\/index.php\/wp-json\/wp\/v2\/comments?post=192902"}],"version-history":[{"count":0,"href":"http:\/\/www.tvturk.com\/index.php\/wp-json\/wp\/v2\/posts\/192902\/revisions"}],"wp:featuredmedia":[{"embeddable":true,"href":"http:\/\/www.tvturk.com\/index.php\/wp-json\/wp\/v2\/media\/192903"}],"wp:attachment":[{"href":"http:\/\/www.tvturk.com\/index.php\/wp-json\/wp\/v2\/media?parent=192902"}],"wp:term":[{"taxonomy":"category","embeddable":true,"href":"http:\/\/www.tvturk.com\/index.php\/wp-json\/wp\/v2\/categories?post=192902"},{"taxonomy":"post_tag","embeddable":true,"href":"http:\/\/www.tvturk.com\/index.php\/wp-json\/wp\/v2\/tags?post=192902"}],"curies":[{"name":"wp","href":"https:\/\/api.w.org\/{rel}","templated":true}]}}