{"id":192908,"date":"2019-08-11T15:46:19","date_gmt":"2019-08-11T12:46:19","guid":{"rendered":"http:\/\/www.tvturk.com\/index.php\/bahriyeliler-kurban-bayramini-gemide-geciriyor\/"},"modified":"2019-08-11T15:46:19","modified_gmt":"2019-08-11T12:46:19","slug":"bahriyeliler-kurban-bayramini-gemide-geciriyor","status":"publish","type":"post","link":"http:\/\/www.tvturk.com\/index.php\/bahriyeliler-kurban-bayramini-gemide-geciriyor\/","title":{"rendered":"Bahriyeliler Kurban Bayram\u0131\u2019n\u0131 gemide ge\u00e7iriyor"},"content":{"rendered":"<p>Kurban Bayram\u0131\u2019n\u0131 ailelerinden uzakta ge\u00e7iren bahriyeliler TCG Yavuz Gemisi ile Karadeniz\u2019de g\u00f6rev yapman\u0131n gururunu ya\u015f\u0131yor.<\/p>\n<p>Kurban Bayram\u0131\u2019nda Zonguldak\u2019\u0131n Ere\u011fli il\u00e7esine yana\u015fan TCG Yavuz F\u0131rkateyni\u2019nde g\u00f6revli askerler T\u00fcrk denizlerinin huzur ve g\u00fcvenli\u011fi i\u00e7in n\u00f6bette bekliyor. Ailelerinden uzakta olman\u0131n buruklu\u011funu ya\u015fayan ancak vatan n\u00f6betinde olman\u0131n gururunu ya\u015fayan bahriyeliler, kendi aralar\u0131nda bayramla\u015ft\u0131. Karadeniz\u2019de ki hareketlilikleri saniye saniye izliyor.<\/p>\n<p>Bayram\u0131 ailesinden uzakta ge\u00e7irmenin buruklu\u011funu ya\u015famas\u0131na ra\u011fmen TCG Yavuz Gemisi\u2019nde g\u00f6rev yapman\u0131n gurur verici oldu\u011funu belirten Elektrik\u00e7i Uzman \u00c7avu\u015f, t\u00fcm ailesinin ve sevdiklerinin bayram\u0131n\u0131 kutlad\u0131\u011f\u0131n\u0131 s\u00f6yledi. Elektrik\u00e7i Uzman \u00c7avu\u015f duygu ve d\u00fc\u015f\u00fcncelerini \u015fu \u015fekilde aktard\u0131; \u201cTCG Yavuz Komutanl\u0131\u011f\u0131nda uzman \u00e7avu\u015f olarak g\u00f6rev yap\u0131yorum. Bayramda ailemden, sevdi\u011fimden uzak kalmak tabi ki \u00fcz\u00fcc\u00fc. Fakat \u015farlar ne kadar zor olursa olsun mavi vatan denizimizin y\u0131lmaz bek\u00e7ileri olarak biz de g\u00f6revimizin ba\u015f\u0131nday\u0131z. \u00dclkemizin \u00e7\u0131kar ve menfaatlerini korumak ama\u00e7l\u0131 buraday\u0131z. G\u00f6revimizi en iyi \u015fekilde yerine getiriyoruz. Ben buradan ba\u015fta \u015fehit ve gazi ailelerimize, aileme, sevdiklerime hay\u0131rl\u0131 bayramlar diliyorum. Memleketim Mersin Silifke\u2019ye selamlar\u0131m\u0131 g\u00f6nderiyorum. TCG Yavuz ailesi olarak g\u00fczel T\u00fcrkiye\u2019mizin bayram\u0131n\u0131 kutluyor, hay\u0131rl\u0131 bayramlar diliyorum.\u201d<\/p>\n<p>TCG Yavuz gemisinde g\u00f6revli Elektronik Astsubay Ba\u015f\u00e7avu\u015f\u2019ta Kurban Bayram\u0131\u2019n\u0131 gemide g\u00f6rev yapan arkada\u015flar\u0131 ile aile hasretini hissettirmeden kutlad\u0131\u011f\u0131n\u0131 ifade etti. T\u00fcrk Milleti\u2019ne kendilerine bu g\u00f6revi vermesinden dolay\u0131 te\u015fekk\u00fcr eden Elektronik Astsubay Ba\u015f\u00e7avu\u015f \u015funlar\u0131 dile getirdi; \u201cKurban Bayram\u0131 gibi \u00f6zel ve m\u00fcstesna g\u00fcnlerde \u00f6zellikle ya\u015fl\u0131 aile \u00fcyelerinden uzak olmak bizi ziyadesiyle \u00fcz\u00fcyor ancak g\u00f6rev ba\u015f\u0131nda olman\u0131n gururu onun doygunlu\u011fuyla b\u00f6yle duygular\u0131 bast\u0131r\u0131yor. Bunu bir heyecana d\u00f6n\u00fc\u015ft\u00fcr\u00fcyoruz. Mavi vatan\u0131n her k\u00f6\u015fesinde, vazife \u00fczerinde oldu\u011fumuz her g\u00fcn bizim i\u00e7in bir bayram g\u00fcn\u00fc. T\u00fcrk Milletine bize g\u00f6rev ve g\u00fcven emanet etti\u011fi i\u00e7in te\u015fekk\u00fcr ediyoruz. Gemicilik birbiriyle s\u0131k\u0131 ili\u015fkiler kurmay\u0131 zorunlu k\u0131lan insanlar aras\u0131nda ki ba\u011f\u0131 kuvvetli olan bir meslek grubu. Biz burada bir aileyiz. TCG Yavuz ailesi olarak birbirimize ailesi hasretini hissettirmeden bayram g\u00fcn\u00fcn\u00fc ya\u015famaya \u00e7al\u0131\u015f\u0131yoruz, gururluyuz.\u201d<\/p>\n<p>Ailesini en son 4 ay \u00f6nce g\u00f6ren TCG Yavuz Gemisi\u2019nde vatani g\u00f6revini yapan Vardabandra Er ise gemide g\u00f6rev yapan di\u011fer arkada\u015flar\u0131 ile h\u00fcz\u00fcnleri ve mutluluklar\u0131n\u0131 birlikte payla\u015ft\u0131klar\u0131n\u0131 s\u00f6yledi. Vardabandra Er konu\u015fmas\u0131nda \u201cEn son ailemi 4 ay \u00f6nce ziyaret etmi\u015ftim. Bu bayramda annem ve akrabalar\u0131m ile beraber ge\u00e7iremedi\u011fim i\u00e7in \u00fczg\u00fcn\u00fcm ama denizcilik mesle\u011finin b\u00f6yle zor yanlar\u0131 var. TCG Yavuz Gemisi\u2019nde g\u00f6rev yapt\u0131\u011f\u0131m i\u00e7in kendimi \u00e7ok \u015fansl\u0131 hissediyorum. T\u00fcm silah arkada\u015flar\u0131m\u0131zla bir aile gibiyiz, ailemizde daha fazla zaman ge\u00e7iriyoruz. H\u00fcz\u00fcnlerimizi mutluluklar\u0131m\u0131z\u0131 beraber payla\u015f\u0131yoruz. Ailemin ve milletimin bayram\u0131n\u0131 kutluyorum. Bilsinler ki vatan savunmas\u0131z de\u011fil\u201d dedi.<\/p>\n","protected":false},"excerpt":{"rendered":"<p>KURBAN BAYRAMI\u2019NI A\u0130LELER\u0130NDEN UZAKTA GE\u00c7\u0130REN BAHR\u0130YEL\u0130LER TCG YAVUZ GEM\u0130S\u0130 \u0130LE KARADEN\u0130Z\u2019DE G\u00d6REV YAPMANIN GURURUNU YA\u015eIYOR.<\/p>\n","protected":false},"author":1,"featured_media":192909,"comment_status":"closed","ping_status":"open","sticky":false,"template":"","format":"standard","meta":{"jetpack_post_was_ever_published":false,"_jetpack_newsletter_access":"","_jetpack_dont_email_post_to_subs":false,"_jetpack_newsletter_tier_id":0,"_jetpack_memberships_contains_paywalled_content":false,"_jetpack_memberships_contains_paid_content":false,"footnotes":"","jetpack_publicize_message":"","jetpack_publicize_feature_enabled":true,"jetpack_social_post_already_shared":true,"jetpack_social_options":{"image_generator_settings":{"template":"highway","default_image_id":0,"font":"","enabled":false},"version":2}},"categories":[1],"tags":[48288,20774,17206,37562,20956],"class_list":["post-192908","post","type-post","status-publish","format-standard","has-post-thumbnail","hentry","category-genel","tag-bahriyeliler","tag-bayramini","tag-geciriyor","tag-gemide","tag-kurban"],"jetpack_publicize_connections":[],"jetpack_featured_media_url":"https:\/\/i0.wp.com\/www.tvturk.com\/wp-content\/uploads\/2019\/08\/bahriyeliler-kurban-bayramini-gemide-geciriyor_9e90fa4.jpg?fit=1000%2C548","jetpack_sharing_enabled":true,"jetpack_shortlink":"https:\/\/wp.me\/paKIfm-Obq","_links":{"self":[{"href":"http:\/\/www.tvturk.com\/index.php\/wp-json\/wp\/v2\/posts\/192908","targetHints":{"allow":["GET"]}}],"collection":[{"href":"http:\/\/www.tvturk.com\/index.php\/wp-json\/wp\/v2\/posts"}],"about":[{"href":"http:\/\/www.tvturk.com\/index.php\/wp-json\/wp\/v2\/types\/post"}],"author":[{"embeddable":true,"href":"http:\/\/www.tvturk.com\/index.php\/wp-json\/wp\/v2\/users\/1"}],"replies":[{"embeddable":true,"href":"http:\/\/www.tvturk.com\/index.php\/wp-json\/wp\/v2\/comments?post=192908"}],"version-history":[{"count":0,"href":"http:\/\/www.tvturk.com\/index.php\/wp-json\/wp\/v2\/posts\/192908\/revisions"}],"wp:featuredmedia":[{"embeddable":true,"href":"http:\/\/www.tvturk.com\/index.php\/wp-json\/wp\/v2\/media\/192909"}],"wp:attachment":[{"href":"http:\/\/www.tvturk.com\/index.php\/wp-json\/wp\/v2\/media?parent=192908"}],"wp:term":[{"taxonomy":"category","embeddable":true,"href":"http:\/\/www.tvturk.com\/index.php\/wp-json\/wp\/v2\/categories?post=192908"},{"taxonomy":"post_tag","embeddable":true,"href":"http:\/\/www.tvturk.com\/index.php\/wp-json\/wp\/v2\/tags?post=192908"}],"curies":[{"name":"wp","href":"https:\/\/api.w.org\/{rel}","templated":true}]}}