{"id":192920,"date":"2019-08-11T16:31:39","date_gmt":"2019-08-11T13:31:39","guid":{"rendered":"http:\/\/www.tvturk.com\/index.php\/turk-diyanet-vakfi-genel-muduru-mehmet-savas-polat\/"},"modified":"2019-08-11T16:31:39","modified_gmt":"2019-08-11T13:31:39","slug":"turk-diyanet-vakfi-genel-muduru-mehmet-savas-polat","status":"publish","type":"post","link":"http:\/\/www.tvturk.com\/index.php\/turk-diyanet-vakfi-genel-muduru-mehmet-savas-polat\/","title":{"rendered":"T\u00fcrk Diyanet Vakf\u0131 Genel M\u00fcd\u00fcr\u00fc Mehmet Sava\u015f Polat:"},"content":{"rendered":"<p>T\u00fcrkiye Diyanet Vakf\u0131 Genel M\u00fcd\u00fcr\u00fc Av. Mehmet Sava\u015f Polat, \u201cEkiplerimiz 149 \u00fclkede necip milletimizin Vakf\u0131m\u0131za emanet etti\u011fi kurban vekaletlerini ihtiya\u00e7 sahiplerine ula\u015ft\u0131r\u0131yor\u201d dedi.<\/p>\n<p>T\u00fcrkiye\u2019nin emanetlerini bu bayramda ihtiya\u00e7 sahiplerine ula\u015ft\u0131rmak i\u00e7in harekete ge\u00e7en T\u00fcrkiye Diyanet Vakf\u0131, 149 \u00fclkede ger\u00e7ekle\u015ftirdi\u011fi vekalet yoluyla kurban organizasyonu kapsam\u0131nda bayram sevincini d\u00fcnyaya ta\u015f\u0131d\u0131.<\/p>\n<p>T\u00fcrkiye Diyanet Vakf\u0131 Genel M\u00fcd\u00fcr\u00fc Av. Mehmet Sava\u015f Polat, \u201cHay\u0131rsever halk\u0131m\u0131z\u0131n destekleriyle yurt i\u00e7inde 72 il 278 kesim noktas\u0131 ve yurt d\u0131\u015f\u0131nda 149 \u00fclke 443 b\u00f6lgede 6 bin 500 ki\u015filik g\u00f6n\u00fcll\u00fc ve \u00e7al\u0131\u015fan ekibiyle birlikte d\u00fcnyan\u0131n d\u00f6rt bir yan\u0131nda vekalet yoluyla kurban kesim organizasyonunu ba\u015far\u0131yla ger\u00e7ekle\u015ftiriyoruz\u201d diye konu\u015ftu.<\/p>\n<p>T\u00fcm d\u00fcnyada bayram namaz\u0131yla birlikte bayram co\u015fkusunun ya\u015fanmaya ba\u015flad\u0131\u011f\u0131n\u0131 hat\u0131rlatan Polat, \u015funlar\u0131 kaydetti:<\/p>\n<p>\u201cAllah\u2019a teslimiyetin, itaat, sadakat ve kurbiyetin sembol\u00fc olan Kurban Bayram\u0131nda bir kez daha payla\u015fman\u0131n ve payla\u015ft\u0131klar\u0131m\u0131zla yak\u0131nla\u015fman\u0131n mutlulu\u011funu ya\u015f\u0131yoruz. 1993 y\u0131l\u0131ndan beri Diyanet \u0130\u015fleri Ba\u015fkanl\u0131\u011f\u0131m\u0131z i\u015fbirli\u011fi ile \u201cdini esaslara uygun, g\u00fcven ve emanete riayet\u201d \u015fiar\u0131yla y\u00fcr\u00fctt\u00fc\u011f\u00fcm\u00fcz Vek\u00e2letle Kurban Kesim Program\u0131nda bu y\u0131l \u201cKurban\u0131n\u0131 Payla\u015f, Karde\u015finle Yak\u0131nla\u015f\u201d diyerek yola \u00e7\u0131kt\u0131k. Hem dualar\u0131nda T\u00fcrkiye olan karde\u015flerimize hay\u0131rseverlerimizin selam\u0131n\u0131 g\u00f6t\u00fcrmek hem de r\u0131zay\u0131 ilahiye ula\u015fmak amac\u0131yla \u00e7\u0131kt\u0131\u011f\u0131m\u0131z iyilik yolculu\u011funda ekiplerimiz 149 \u00fclkede necip milletimizin Vakf\u0131m\u0131za emanet etti\u011fi kurban vekaletlerini ihtiya\u00e7 sahiplerine ula\u015ft\u0131r\u0131yor. Afrika\u2019dan Asya\u2019ya, Uzak Do\u011fu\u2019dan G\u00fcney Amerika\u2019ya, ad\u0131n\u0131 bile duymad\u0131\u011f\u0131m\u0131z \u00fclkelerde hi\u00e7 g\u00f6rmedi\u011fimiz ve tan\u0131mad\u0131\u011f\u0131m\u0131z karde\u015flerimize, d\u00fcnyan\u0131n bir ucundan \u00f6b\u00fcr ucuna mesafe tan\u0131maks\u0131z\u0131n vefakar Milletimizin yard\u0131mlar\u0131n\u0131 g\u00f6t\u00fcr\u00fcyoruz. D\u00fcnyay\u0131 saran iyilik kervan\u0131m\u0131z yolumuzu g\u00f6zleyen mazlumlar\u0131n y\u00fcz\u00fcn\u00fc g\u00fcld\u00fcrd\u00fc. Elhamd\u00fclillah her y\u0131l oldu\u011fu gibi bu y\u0131l da bayram sevincini d\u00fcnyaya ta\u015f\u0131d\u0131k.\u201d<\/p>\n<p>T\u00fcrk milletinin her d\u00f6nem d\u00fcnyan\u0131n neresinde olursa olsun mazlum, ma\u011fdur ve ihtiya\u00e7 sahiplerinin hamili\u011fini \u00fcstlendi\u011fini ve g\u00fcn\u00fcm\u00fczde de bu tarihi misyonunu en g\u00fczel \u015fekilde s\u00fcrd\u00fcrd\u00fc\u011f\u00fcn\u00fc ifade eden Polat, \u201cVakf\u0131m\u0131za ula\u015ft\u0131r\u0131lan her bir emanet b\u00fcy\u00fck bir hassasiyetle ihtiya\u00e7 sahiplerine ula\u015ft\u0131r\u0131l\u0131yor. Sahadaki ekiplerimiz kesim ve da\u011f\u0131t\u0131m i\u015flemlerini bayram s\u00fcresince devam ettirecek. Bizlere bu hay\u0131r yolculu\u011funda e\u015flik eden, desteklerini esirgemeyen Aziz Milletimize te\u015fekk\u00fcr ediyor, bayramlar\u0131n\u0131 tebrik ediyor, kurbanlar\u0131n\u0131n Hak kat\u0131nda kabul ve makbul olmas\u0131n\u0131 niyaz ediyorum\u201d \u015feklinde konu\u015ftu.<\/p>\n","protected":false},"excerpt":{"rendered":"<p>T\u00dcRK\u0130YE D\u0130YANET VAKFI GENEL M\u00dcD\u00dcR\u00dc AV. MEHMET SAVA\u015e POLAT, \u201cEK\u0130PLER\u0130M\u0130Z 149 \u00dcLKEDE NEC\u0130P M\u0130LLET\u0130M\u0130Z\u0130N VAKFIMIZA EMANET ETT\u0130\u011e\u0130 KURBAN VEKALETLER\u0130N\u0130 \u0130HT\u0130YA\u00c7 SAH\u0130PLER\u0130NE ULA\u015eTIRIYOR\u201d DED\u0130.<\/p>\n","protected":false},"author":1,"featured_media":192921,"comment_status":"closed","ping_status":"open","sticky":false,"template":"","format":"standard","meta":{"jetpack_post_was_ever_published":false,"_jetpack_newsletter_access":"","_jetpack_dont_email_post_to_subs":false,"_jetpack_newsletter_tier_id":0,"_jetpack_memberships_contains_paywalled_content":false,"_jetpack_memberships_contains_paid_content":false,"footnotes":"","jetpack_publicize_message":"","jetpack_publicize_feature_enabled":true,"jetpack_social_post_already_shared":true,"jetpack_social_options":{"image_generator_settings":{"template":"highway","default_image_id":0,"font":"","enabled":false},"version":2}},"categories":[1],"tags":[3150,869,2570,254,20756,160,957,6604],"class_list":["post-192920","post","type-post","status-publish","format-standard","has-post-thumbnail","hentry","category-genel","tag-diyanet","tag-genel","tag-mehmet","tag-muduru","tag-polat","tag-savas","tag-turk","tag-vakfi"],"jetpack_publicize_connections":[],"jetpack_featured_media_url":"https:\/\/i0.wp.com\/www.tvturk.com\/wp-content\/uploads\/2019\/08\/turk-diyanet-vakfi-genel-muduru-mehmet-savas-polat_6969d52.jpg?fit=1000%2C562","jetpack_sharing_enabled":true,"jetpack_shortlink":"https:\/\/wp.me\/paKIfm-ObC","_links":{"self":[{"href":"http:\/\/www.tvturk.com\/index.php\/wp-json\/wp\/v2\/posts\/192920","targetHints":{"allow":["GET"]}}],"collection":[{"href":"http:\/\/www.tvturk.com\/index.php\/wp-json\/wp\/v2\/posts"}],"about":[{"href":"http:\/\/www.tvturk.com\/index.php\/wp-json\/wp\/v2\/types\/post"}],"author":[{"embeddable":true,"href":"http:\/\/www.tvturk.com\/index.php\/wp-json\/wp\/v2\/users\/1"}],"replies":[{"embeddable":true,"href":"http:\/\/www.tvturk.com\/index.php\/wp-json\/wp\/v2\/comments?post=192920"}],"version-history":[{"count":0,"href":"http:\/\/www.tvturk.com\/index.php\/wp-json\/wp\/v2\/posts\/192920\/revisions"}],"wp:featuredmedia":[{"embeddable":true,"href":"http:\/\/www.tvturk.com\/index.php\/wp-json\/wp\/v2\/media\/192921"}],"wp:attachment":[{"href":"http:\/\/www.tvturk.com\/index.php\/wp-json\/wp\/v2\/media?parent=192920"}],"wp:term":[{"taxonomy":"category","embeddable":true,"href":"http:\/\/www.tvturk.com\/index.php\/wp-json\/wp\/v2\/categories?post=192920"},{"taxonomy":"post_tag","embeddable":true,"href":"http:\/\/www.tvturk.com\/index.php\/wp-json\/wp\/v2\/tags?post=192920"}],"curies":[{"name":"wp","href":"https:\/\/api.w.org\/{rel}","templated":true}]}}