{"id":192926,"date":"2019-08-11T17:01:33","date_gmt":"2019-08-11T14:01:33","guid":{"rendered":"http:\/\/www.tvturk.com\/index.php\/ogrencilerden-sehit-babasina-bayram-ziyareti\/"},"modified":"2019-08-11T17:01:33","modified_gmt":"2019-08-11T14:01:33","slug":"ogrencilerden-sehit-babasina-bayram-ziyareti","status":"publish","type":"post","link":"http:\/\/www.tvturk.com\/index.php\/ogrencilerden-sehit-babasina-bayram-ziyareti\/","title":{"rendered":"\u00d6\u011frencilerden \u015fehit babas\u0131na bayram ziyareti"},"content":{"rendered":"<p>Elaz\u0131\u011f\u2019da  \u00fcniversite \u00f6\u011frencileri, \u015fehit Uzman \u00c7avu\u015f Muammer Faruk Salgar\u2019\u0131n Babas\u0131 \u00d6mer Salgar\u2019\u0131 evinde ziyaret edip bayram\u0131n\u0131 kutlad\u0131.<\/p>\n<p>Kredi Yurtlar Kurumu \u00d6mer Bilgino\u011flu Yurt M\u00fcd\u00fcrl\u00fc\u011f\u00fc\u2019nde kalan \u00fcniversite \u00f6\u011frencileri, 2016 y\u0131l\u0131nda Hakkari\u2019nin Y\u00fcksekova il\u00e7esinde ter\u00f6r \u00f6rg\u00fct\u00fc PKK\u2019ya y\u00f6nelik yap\u0131lan operasyon s\u0131ras\u0131nda \u015fehit d\u00fc\u015fen Uzman \u00c7avu\u015f Muammer Faruk Salgar\u2019\u0131n babas\u0131 \u00d6mer Salgar\u2019\u0131 evinde ziyaret ederek, bayram\u0131n\u0131 kutlad\u0131.  Ziyarete Gen\u00e7lik ve Spor \u0130l M\u00fcd\u00fcr\u00fc Abdulsamet Eren,Yurt M\u00fcd\u00fcr\u00fc Kayahan Topal ve  \u00f6\u011frenciler kat\u0131ld\u0131. \u015eehit i\u00e7in Fatiha okuyup dua eden \u00f6\u011frenciler,Kurban Bayram\u0131\u2019nda hem aile hasretini giderdi hem de e\u015fi de 2014 y\u0131l\u0131nda vefat eden \u015fehit babas\u0131n\u0131n elini \u00f6perek hay\u0131r duas\u0131 ald\u0131.<\/p>\n<p>\u00d6\u011frencilerin, kendilerini ziyaret etti\u011fimi belirten \u015fehidin k\u0131z karde\u015fi Gizem Salgar Bak\u0131r, bu g\u00fczel g\u00fcnde \u00f6zellikle babas\u0131n\u0131n mutlu oldu\u011funu belirterek kendilerini ziyaret eden herkese te\u015fekk\u00fcr etti.<\/p>\n<p>\u015eehitlik makam\u0131n\u0131n peygamberlikten sonra en \u00fcst mertebe oldu\u011funa vurgu yapan Gen\u00e7lik ve Spor \u0130l M\u00fcd\u00fcr\u00fc Abdulsamet Eren ise, ya\u015fanan bu ac\u0131 olay\u0131n ard\u0131ndan \u015eehit Muammer Faruk Salgar\u2019\u0131n ailesini \u00fcniversite \u00f6\u011frencileri ile birlikte ziyaret ettiklerini ifade ederek \u201c\u015eehidimizin ailesi sadece onun de\u011fil t\u00fcm milletimizin ailesidir. \u015eehit babas\u0131n\u0131 bayram g\u00fcn\u00fcnde yaln\u0131z b\u0131rakmak istemedik ve \u00f6\u011frenci karde\u015flerimizle birlikte hay\u0131r duas\u0131n\u0131 ald\u0131k. \u0130limize kazand\u0131r\u0131lan gen\u00e7lik merkezlerinden birine \u015fehidimizin ad\u0131n\u0131 vermi\u015ftik, in\u015fallah yak\u0131n zaman i\u00e7erisinde ailemizi burada misafir edecek g\u00fczel bir anma program\u0131 ger\u00e7ekle\u015ftirece\u011fiz. Ben bir kez daha milletimizin ba\u015f\u0131 sa\u011f olsun diyor,  kederli ailemize Allah\u2019tan sab\u0131r diliyorum\u201d \u015feklinde konu\u015ftu.<\/p>\n<p>F\u0131rat \u00dcniversitesi (F\u00dc) \u00f6\u011frencisi Pakistan\u2019l\u0131 Majid Yusufzai ise \u201cBizler Kurban Bayram\u0131\u2019nda ailelerimizin yan\u0131na gitmedik. Burada kalan arkada\u015flarla birlikte \u015fehit ailelerine gidip onlar\u0131n bayram\u0131n\u0131 kutlayal\u0131m dedik. Bundan dolay\u0131 arkada\u015flarla buraya gelip, bayramlar\u0131n\u0131 kutlad\u0131k\u201d ifadeleri kulland\u0131.<\/p>\n<p>\u00d6\u011frencilerden Ahmet Can da, \u201cAilem Trabzon\u2019da ve ben bayramda onlar\u0131n yan\u0131na gidemedim. Bizler de arkada\u015flarla beraber \u015fehit ailesine bayramla\u015fmaya geldik. Bug\u00fcn bir \u015fehit ailesini ziyaret ederek onlar\u0131n bir nebze de olsa evlat hasretini gidermek i\u00e7in burada bulu\u015ftuk. Tabi biz bug\u00fcn rahat bir ya\u015fam s\u00fcr\u00fcyor veya hayatta kal\u0131yorsak her \u015feyi \u015fehitlerimize bor\u00e7luyuz. Bu vesile ile t\u00fcm \u015fehitlerimizin ruhu \u015fad olsun\u201d diye konu\u015ftu.<\/p>\n","protected":false},"excerpt":{"rendered":"<p>ELAZI\u011e\u2019DA \u00d6MER B\u0130LG\u0130NO\u011eLU YURDUNDA KALAN \u00dcN\u0130VERS\u0130TE \u00d6\u011eRENC\u0130LER\u0130, \u015eEH\u0130T UZMAN \u00c7AVU\u015e MUAMMER FARUK SALGAR\u2019IN BABASI \u00d6MER SALGAR\u2019A BAYRAM Z\u0130YARET\u0130NDE BULUNDU<\/p>\n","protected":false},"author":1,"featured_media":192927,"comment_status":"closed","ping_status":"open","sticky":false,"template":"","format":"standard","meta":{"jetpack_post_was_ever_published":false,"_jetpack_newsletter_access":"","_jetpack_dont_email_post_to_subs":false,"_jetpack_newsletter_tier_id":0,"_jetpack_memberships_contains_paywalled_content":false,"_jetpack_memberships_contains_paid_content":false,"footnotes":"","jetpack_publicize_message":"","jetpack_publicize_feature_enabled":true,"jetpack_social_post_already_shared":true,"jetpack_social_options":{"image_generator_settings":{"template":"highway","default_image_id":0,"font":"","enabled":false},"version":2}},"categories":[1],"tags":[22919,23995,3174,237,1730],"class_list":["post-192926","post","type-post","status-publish","format-standard","has-post-thumbnail","hentry","category-genel","tag-babasina","tag-bayram","tag-ogrencilerden","tag-sehit","tag-ziyareti"],"jetpack_publicize_connections":[],"jetpack_featured_media_url":"https:\/\/i0.wp.com\/www.tvturk.com\/wp-content\/uploads\/2019\/08\/ogrencilerden-sehit-babasina-bayram-ziyareti_75a036d.jpg?fit=1000%2C666","jetpack_sharing_enabled":true,"jetpack_shortlink":"https:\/\/wp.me\/paKIfm-ObI","_links":{"self":[{"href":"http:\/\/www.tvturk.com\/index.php\/wp-json\/wp\/v2\/posts\/192926","targetHints":{"allow":["GET"]}}],"collection":[{"href":"http:\/\/www.tvturk.com\/index.php\/wp-json\/wp\/v2\/posts"}],"about":[{"href":"http:\/\/www.tvturk.com\/index.php\/wp-json\/wp\/v2\/types\/post"}],"author":[{"embeddable":true,"href":"http:\/\/www.tvturk.com\/index.php\/wp-json\/wp\/v2\/users\/1"}],"replies":[{"embeddable":true,"href":"http:\/\/www.tvturk.com\/index.php\/wp-json\/wp\/v2\/comments?post=192926"}],"version-history":[{"count":0,"href":"http:\/\/www.tvturk.com\/index.php\/wp-json\/wp\/v2\/posts\/192926\/revisions"}],"wp:featuredmedia":[{"embeddable":true,"href":"http:\/\/www.tvturk.com\/index.php\/wp-json\/wp\/v2\/media\/192927"}],"wp:attachment":[{"href":"http:\/\/www.tvturk.com\/index.php\/wp-json\/wp\/v2\/media?parent=192926"}],"wp:term":[{"taxonomy":"category","embeddable":true,"href":"http:\/\/www.tvturk.com\/index.php\/wp-json\/wp\/v2\/categories?post=192926"},{"taxonomy":"post_tag","embeddable":true,"href":"http:\/\/www.tvturk.com\/index.php\/wp-json\/wp\/v2\/tags?post=192926"}],"curies":[{"name":"wp","href":"https:\/\/api.w.org\/{rel}","templated":true}]}}