{"id":192962,"date":"2019-08-12T09:16:14","date_gmt":"2019-08-12T06:16:14","guid":{"rendered":"http:\/\/www.tvturk.com\/index.php\/ozel-hayatin-ritmini-kusadasinda-yakaladi\/"},"modified":"2019-08-12T09:16:14","modified_gmt":"2019-08-12T06:16:14","slug":"ozel-hayatin-ritmini-kusadasinda-yakaladi","status":"publish","type":"post","link":"http:\/\/www.tvturk.com\/index.php\/ozel-hayatin-ritmini-kusadasinda-yakaladi\/","title":{"rendered":"(\u00d6zel) Hayat\u0131n ritmini Ku\u015fadas\u0131\u2019nda yakalad\u0131"},"content":{"rendered":"<p>Bal\u0131kesir\u2019in Kepsut il\u00e7esinde bulunan 125. Y\u0131l Yat\u0131l\u0131 B\u00f6lge Ortaokulunun \u201cHayat\u0131n Ritmini Yakala\u201d grubu, 3 g\u00f6n\u00fcll\u00fc \u00f6\u011fretmen, 10 \u00f6\u011frencisiyle birlikte her d\u00fcnyay\u0131 dola\u015f\u0131yor.<\/p>\n<p>Bug\u00fcne kadar bir\u00e7ok \u00fclkeye giderek konserler veren \u2018Hayat\u0131n Ritmini Yakala\u2019 m\u00fczik grubu bu y\u0131l da \u2018Tatilde \u0130lk \u0130z\u2019 Projesi kapsam\u0131nda tatillerini Ku\u015fadas\u0131\u2019nda ge\u00e7iriyor. M\u00fczik \u00d6\u011fretmeni Nuri Da\u011fdelen, 2012 y\u0131l\u0131nda kurulan Hayat\u0131n Ritmini Yakala m\u00fczik grubu ile bir\u00e7ok ba\u015far\u0131ya imza att\u0131klar\u0131n\u0131 ve \u00f6\u011frencilerle birlikte her y\u0131l tatile \u00e7\u0131kt\u0131klar\u0131n\u0131 belirtti. Da\u011fdelen uygulad\u0131klar\u0131 \u2018Tatilde \u0130lk \u0130z\u2019 projesiyle ilgili \u0130hlas Haber Ajans\u0131\u2019na yapt\u0131\u011f\u0131 a\u00e7\u0131klamada, \u201cGrubumuzun ismi \u2018Hayat\u0131n Ritmini Yakala\u2019 grubumuzu k\u00f6y \u00e7ocuklar\u0131 olu\u015fturmaktad\u0131r. \u00c7ocuklar\u0131n aileleri ba\u015fl\u0131ca tar\u0131m ve hayvanc\u0131l\u0131kla u\u011fra\u015f\u0131yorlar. Projemizin ismi \u2018Tatile \u0130lk \u0130z.\u2019 \u00d6\u011frencilerimizin ilklerini ger\u00e7ekle\u015ftirmek \u00fczere kurulmu\u015f bir proje. \u0130lk defa il\u00e7e d\u0131\u015f\u0131na \u00e7\u0131kan, denizi g\u00f6ren, y\u00fczmesini \u00f6\u011frenen \u00f6\u011frencilerimiz oluyor bu proje sayesinde. \u00d6\u011frencilerimiz evlerinden k\u00f6y ekmeklerini, yumurtalar\u0131n\u0131, sal\u00e7alar\u0131n\u0131, biberlerini, domateslerini getiriyorlar. Enstr\u00fcmanlar\u0131m\u0131z\u0131 at\u00f6lyemizden al\u0131yoruz. Benim babam\u0131n minib\u00fcs\u00fc var, bir de arabam\u0131 al\u0131yorum ve buradan bir ev tutup tatilimize ba\u015fl\u0131yoruz. Bu seneki dura\u011f\u0131m\u0131z Didim\/Ku\u015fadas\u0131 oldu. 23 g\u00fcnl\u00fck tatilimizin art\u0131k sonuna yakla\u015f\u0131yoruz, bir ka\u00e7 g\u00fcn sonra buradan gidece\u011fiz. Tatilde g\u00fcnd\u00fczleri ders \u00e7al\u0131\u015f\u0131yoruz, m\u0131s\u0131r patlat\u0131p film izliyoruz, lunapark, aquapark ve \u015fehir turumuzu ger\u00e7ekle\u015ftiriyoruz, pikni\u011fe gidiyoruz. Yani her an\u0131m\u0131z\u0131 dolu dolu ya\u015f\u0131yoruz, yiyip i\u00e7iyoruz. \u00d6\u011frencilerimiz g\u00f6rmediklerini, yemediklerini, i\u00e7mediklerini burada tatm\u0131\u015f oluyorlar. Onlar\u0131n bir tebess\u00fcmleri her \u015feye bedel. \u0130n\u015fallah onlar da hayatlar\u0131 boyunca en az bir ki\u015finin kalbine dokunurlar umuduyla bu projeyi s\u00fcrd\u00fcr\u00fcyoruz. Projemizin ama\u00e7lar\u0131ndan di\u011feri de akademik ve sosyal ba\u015far\u0131dan \u00f6\u011frencilerimizi ileriye g\u00f6t\u00fcrmek. Bunu son derece art\u0131\u015f olarak proje sonunda g\u00f6zlemliyoruz ve \u00f6\u011frencilerimizin d\u00fcnyalar\u0131 geli\u015fiyor. Akademik ve sosyal ba\u015far\u0131lar\u0131 art\u0131yor. \u00d6\u011frencilerimiz \u00e7ok mutlu, onlar mutluysa biz de \u00e7ok mutlu oluyoruz\u201d diye konu\u015ftu.<\/p>\n<p>\u201c578\u2019inci konserimizi Ku\u015fadas\u0131\u2019nda verdik\u201d<\/p>\n<p>Ku\u015fadas\u0131\u2019nda g\u00fcnd\u00fcz ders \u00e7al\u0131\u015fmakla birlikte \u00e7e\u015fitli etkinlikler d\u00fczenlediklerini belirten M\u00fczik \u00d6\u011fretmeni Nuri Da\u011fdelen, ak\u015famlar\u0131 da sokak m\u00fczisyenli\u011fi yapt\u0131klar\u0131n\u0131 ifade ederek, \u201cBurada ak\u015famlar\u0131 sokak m\u00fczisyenli\u011fi yap\u0131yoruz. Atat\u00fcrk Heykeli\u2019ndeyiz, Ku\u015fadas\u0131\u2019nday\u0131z. Her g\u00fcn 3 bine yak\u0131n izleyici bizlerle bulu\u015fuyor ve onlar\u0131n tepkileri \u00e7ok ho\u015f, \u00f6\u011frencilerimizle i\u00e7 i\u00e7eler. Oyun, dans ediyorlar. Enstr\u00fcmanlar\u0131n\u0131 al\u0131p burada bizimle m\u00fczik e\u015fli\u011finde ortak noktada bulu\u015fup, m\u00fczi\u011fimizi beraber yans\u0131t\u0131yoruz. Bug\u00fcn 578\u2019inci konserimizi vermi\u015f bulunmaktay\u0131z. Daha nice konserler diliyoruz. Hayat\u0131n Ritmini Yakala in\u015fallah dallan\u0131p, budaklanarak devam eder ve daha \u00e7ok \u00f6\u011frenciye ula\u015f\u0131r\u0131z. K\u0131z karde\u015fim, e\u015fim ve ben her y\u0131l yeni grubu tatile \u00e7\u0131kart\u0131p ilklerini ya\u015fat\u0131yoruz. Bu i\u015fi g\u00f6n\u00fcll\u00fc olarak yap\u0131yoruz. Burada izleyicilerden \u00e7ok b\u00fcy\u00fck destek var, alk\u0131\u015f var, olumlu d\u00f6n\u00fc\u015fler var. Herkes telefon numaram\u0131z\u0131 isteyip, sosyal medyadan bizi ekliyorlar. California, Almanya ve Dubai\u2019den teklifler ald\u0131k. Yine ulusal ve uluslararas\u0131 organizasyonlardan teklifler alm\u0131\u015f bulunmaktay\u0131z. \u0130n\u015fallah bunlar\u0131 da \u00f6n\u00fcm\u00fczdeki y\u0131llarda, g\u00fcnlerde ger\u00e7ekle\u015ftirip oralara da hayat\u0131n ritmini yakalat\u0131r\u0131z. Herkesin hayat\u0131n ritmini yakalamas\u0131 dile\u011fiyle\u201d ifadelerini kulland\u0131.<\/p>\n<p>\u201cBir\u00e7ok \u00fclkeden teklif al\u0131yoruz\u201d<\/p>\n<p>Bir\u00e7ok \u00fclkeden konser i\u00e7in kendilerine teklif geldi\u011finin alt\u0131n\u0131 \u00e7izen Nuri Da\u011fdelen, \u201cGrubumuz 2012 y\u0131l\u0131nda kuruldu. K\u00f6y \u00e7ocuklar\u0131ndan olu\u015fmaktad\u0131r. \u0130lk kuruldu\u011funda hi\u00e7bir enstr\u00fcman\u0131m\u0131z, m\u00fczik s\u0131n\u0131f\u0131m\u0131z yoktu. Fakat projeler geli\u015ftirerek \u015fu anda ilk ve tek ah\u015fap m\u00fczik at\u00f6lyesine sahibiz. \u0130\u00e7inde 400\u2019e yak\u0131n 43 farkl\u0131 enstr\u00fcman bulunmaktad\u0131r. Bununla ilgili olarak belgeselimiz \u00e7ekildi. \u015eu anda iki ciltten olu\u015facak kitab\u0131m\u0131z bas\u0131m a\u015famas\u0131nda, 2016 y\u0131l\u0131 Yetenek Sizsiniz \u015fampiyonuyuz. G\u00fcrcistan, Kazakistan ve Almanya\u2019ya gittik, konserlerimiz oldu. \u015eimdi de Paris Ba\u015fkonsoloslu\u011fu davetiyle 13-24 Kas\u0131m\u2019da Paris, Amsterdam ve Br\u00fcksel\u2019de olaca\u011f\u0131z. \u0130n\u015fallan T\u00fcrk bayra\u011f\u0131n\u0131 en iyi \u015fekilde dalgaland\u0131raca\u011f\u0131z\u201d dedi.<\/p>\n","protected":false},"excerpt":{"rendered":"<p>BALIKES\u0130R\u2019\u0130N KEPSUT \u0130L\u00c7ES\u0130NDE BULUNAN 125. YIL YATILI B\u00d6LGE ORTAOKULUNUN \u201cHAYATIN R\u0130TM\u0130N\u0130 YAKALA\u201d R\u0130T\u0130M GRUBU, 3 G\u00d6N\u00dcLL\u00dc \u00d6\u011eRETMEN, 10 \u00d6\u011eRENC\u0130S\u0130YLE B\u0130RL\u0130KTE HER YIL D\u00dcZENLED\u0130KLER\u0130 \u201cTAT\u0130LDE \u0130LK \u0130Z\u201d SOKAK M\u00dcZ\u0130SYENL\u0130\u011e\u0130 PROJES\u0130YLE D\u00dcNYAYI DOLA\u015eIYOR. GRUP BU KEZ KU\u015eADASI&#8217;NDAYDI<\/p>\n","protected":false},"author":1,"featured_media":192963,"comment_status":"closed","ping_status":"open","sticky":false,"template":"","format":"standard","meta":{"jetpack_post_was_ever_published":false,"_jetpack_newsletter_access":"","_jetpack_dont_email_post_to_subs":false,"_jetpack_newsletter_tier_id":0,"_jetpack_memberships_contains_paywalled_content":false,"_jetpack_memberships_contains_paid_content":false,"footnotes":"","jetpack_publicize_message":"","jetpack_publicize_feature_enabled":true,"jetpack_social_post_already_shared":true,"jetpack_social_options":{"image_generator_settings":{"template":"highway","default_image_id":0,"font":"","enabled":false},"version":2}},"categories":[1],"tags":[1073,1963,1002,48299,6248],"class_list":["post-192962","post","type-post","status-publish","format-standard","has-post-thumbnail","hentry","category-genel","tag-ozel","tag-hayatin","tag-kusadasinda","tag-ritmini","tag-yakaladi"],"jetpack_publicize_connections":[],"jetpack_featured_media_url":"https:\/\/i0.wp.com\/www.tvturk.com\/wp-content\/uploads\/2019\/08\/ozel-hayatin-ritmini-kusadasinda-yakaladi_22aa198.jpg?fit=1000%2C750","jetpack_sharing_enabled":true,"jetpack_shortlink":"https:\/\/wp.me\/paKIfm-Oci","_links":{"self":[{"href":"http:\/\/www.tvturk.com\/index.php\/wp-json\/wp\/v2\/posts\/192962","targetHints":{"allow":["GET"]}}],"collection":[{"href":"http:\/\/www.tvturk.com\/index.php\/wp-json\/wp\/v2\/posts"}],"about":[{"href":"http:\/\/www.tvturk.com\/index.php\/wp-json\/wp\/v2\/types\/post"}],"author":[{"embeddable":true,"href":"http:\/\/www.tvturk.com\/index.php\/wp-json\/wp\/v2\/users\/1"}],"replies":[{"embeddable":true,"href":"http:\/\/www.tvturk.com\/index.php\/wp-json\/wp\/v2\/comments?post=192962"}],"version-history":[{"count":0,"href":"http:\/\/www.tvturk.com\/index.php\/wp-json\/wp\/v2\/posts\/192962\/revisions"}],"wp:featuredmedia":[{"embeddable":true,"href":"http:\/\/www.tvturk.com\/index.php\/wp-json\/wp\/v2\/media\/192963"}],"wp:attachment":[{"href":"http:\/\/www.tvturk.com\/index.php\/wp-json\/wp\/v2\/media?parent=192962"}],"wp:term":[{"taxonomy":"category","embeddable":true,"href":"http:\/\/www.tvturk.com\/index.php\/wp-json\/wp\/v2\/categories?post=192962"},{"taxonomy":"post_tag","embeddable":true,"href":"http:\/\/www.tvturk.com\/index.php\/wp-json\/wp\/v2\/tags?post=192962"}],"curies":[{"name":"wp","href":"https:\/\/api.w.org\/{rel}","templated":true}]}}