{"id":192990,"date":"2019-08-12T10:46:44","date_gmt":"2019-08-12T07:46:44","guid":{"rendered":"http:\/\/www.tvturk.com\/index.php\/ozel-haber-temizlik-iscisi-balkanlarin-zirvesinde\/"},"modified":"2019-08-12T10:46:44","modified_gmt":"2019-08-12T07:46:44","slug":"ozel-haber-temizlik-iscisi-balkanlarin-zirvesinde","status":"publish","type":"post","link":"http:\/\/www.tvturk.com\/index.php\/ozel-haber-temizlik-iscisi-balkanlarin-zirvesinde\/","title":{"rendered":"(\u00d6zel haber) Temizlik i\u015f\u00e7isi Balkanlar\u2019\u0131n zirvesinde"},"content":{"rendered":"<p>Manisa\u2019da temizlik i\u015f\u00e7isi oldu\u011fu hastanede, kendisi gibi temizlik i\u015f\u00e7isi antren\u00f6r\u00fcn\u00fcn tavsiyesi ile 3 y\u0131l \u00f6nce Wushu Kung-Fu sporuyla tan\u0131\u015fan Deniz Gezen, elde etti\u011fi T\u00fcrkiye ikincili\u011finin ard\u0131ndan Balkan \u015eampiyonu oldu. Gezen, Avrupa ve D\u00fcnya \u015fampiyonlu\u011fu hedefi do\u011frultusunda antrenmanlar\u0131n\u0131 aral\u0131ks\u0131z s\u00fcrd\u00fcr\u00fcyor.<\/p>\n<p>Manisa\u2019n\u0131n Yunusemre il\u00e7esindeki Merkezefendi Devlet Hastanesi\u2019nde temizlik i\u015f\u00e7isi olan Deniz Gezen, kendisi gibi temizlik personeli olan Wushu Kung-Fu antren\u00f6r\u00fc Danyal Kat\u0131\u2019n\u0131n tavsiyesi \u00fczerine spora ba\u015flad\u0131. Daha \u00f6nce tecr\u00fcbesi bulunmayan ve ilk defa spora Wushu Kung-Fu ile ba\u015flayan Gezen, kat\u0131ld\u0131\u011f\u0131 turnuvalarda ba\u015far\u0131dan ba\u015far\u0131ya ko\u015fuyor. Ge\u00e7ti\u011fimiz \u015fubat ay\u0131nda T\u00fcrkiye ikincisi olan Gezen, 11 \u00fclkeden yakla\u015f\u0131k 575 sporcunun yar\u0131\u015ft\u0131\u011f\u0131 Uluslararas\u0131 Avrasya Balkan A\u00e7\u0131k Wushu Kung Fu \u015eampiyonas\u0131\u2019nda birincilik elde etti.<\/p>\n<p>Hobi olarak ba\u015flad\u0131\u011f\u0131 sporda hedef b\u00fcy\u00fcterek Avrupa ve D\u00fcnya \u015fampiyonu olma yolunda antrenmanlar\u0131n\u0131 aral\u0131ks\u0131z s\u00fcrd\u00fcren Gezen, sporun ya\u015f\u0131n\u0131n olmad\u0131\u011f\u0131n\u0131 \u00e7evresine g\u00f6sterdi\u011finden dolay\u0131 mutlu oldu\u011funu s\u00f6yledi. Gezen, \u015f\u00f6yle devam etti: \u201cMerkezefendi Devlet Hastanesi\u2019nde temizlik personeli olarak \u00e7al\u0131\u015f\u0131yorum. 3 bu\u00e7uk y\u0131ld\u0131r Wushu Kung-Fu sporu ile ilgileniyorum. Bu y\u0131l\u0131n ba\u015f\u0131nda T\u00fcrkiye ikincisi oldum. \u015eimdi de Balkan \u015eampiyonu oldum. Spor ile ilgim yok iken birden ba\u015flad\u0131m. \u015euan severek yap\u0131yorum. Bundan sonraki hedefim Avrupa ve D\u00fcnya \u015fampiyonlu\u011fu. T\u00fcrk bayra\u011f\u0131n\u0131 en iyi \u015fekilde dalgaland\u0131rarak, T\u00fcrk Milletini temsil etmek istiyorum. Bunun i\u00e7in azimli bir \u015fekilde \u00e7al\u0131\u015f\u0131yorum ve \u00e7al\u0131\u015fmaya da devam edece\u011fim.\u201d<\/p>\n<p>Wushu Kung-Fu antren\u00f6r\u00fc Danyal Kat\u0131 ise \u00f6\u011frencisi ile gurur duydu\u011funu belirterek, \u201cDeniz k\u0131z\u0131m\u0131zla gurur duyuyorum. Yakla\u015f\u0131k \u00fc\u00e7 bu\u00e7uk y\u0131l \u00f6nce tan\u0131\u015ft\u0131ktan sonra spora ba\u015flad\u0131. Kendisi bu y\u0131l T\u00fcrkiye ikincili\u011fi ve Uluslararas\u0131 Avrasya Balkan A\u00e7\u0131k Wushu Kung-Fu \u015fampiyonlu\u011fu elde etti. \u00c7ok mutluyuz. Sadece 450\u2019si T\u00fcrk sporcu olmak \u00fczere toplamda 600\u2019e yak\u0131n sporcunun kat\u0131ld\u0131\u011f\u0131 \u015fampiyonada, birinci olmak b\u00fcy\u00fck bir ba\u015far\u0131. Deniz, 4 ma\u00e7\u0131n ard\u0131ndan finale geldi. T\u00fcrk bayra\u011f\u0131n\u0131 en iyi \u015fekilde dalgaland\u0131rd\u0131\u011f\u0131 i\u00e7in kendisiyle gurur duyuyoruz\u201d diye konu\u015ftu.<\/p>\n","protected":false},"excerpt":{"rendered":"<p>MAN\u0130SA\u2019DA TEM\u0130ZL\u0130K \u0130\u015e\u00c7\u0130S\u0130 OLDU\u011eU HASTANEDE, KEND\u0130S\u0130 G\u0130B\u0130 TEM\u0130ZL\u0130K \u0130\u015e\u00c7\u0130S\u0130 ANTREN\u00d6R\u00dcN\u00dcN TAVS\u0130YES\u0130 \u0130LE WUSHU KUNG-FU SPORUYLA TANI\u015eAN DEN\u0130Z GEZEN (FOTO\u011eRAFTA SA\u011eDA), T\u00dcRK\u0130YE \u0130K\u0130NC\u0130L\u0130\u011e\u0130 ARDINDAN BALKAN \u015eAMP\u0130YONU OLDU.KEND\u0130S\u0130 G\u0130B\u0130 TEM\u0130ZL\u0130K PERSONEL\u0130 OLAN WUSHU KUNG-FU ANTREN\u00d6R\u00dc DANYAL KATI(FOTO\u011eRAFTA SOLDA) AVRUPA VE D\u00dcNYA \u015eAMP\u0130YONU OLMA YOLUNDA ANTRENMANLARINI ARALIKSIZ S\u00dcRD\u00dcR\u00dcYOR.<\/p>\n","protected":false},"author":1,"featured_media":192991,"comment_status":"closed","ping_status":"open","sticky":false,"template":"","format":"standard","meta":{"jetpack_post_was_ever_published":false,"_jetpack_newsletter_access":"","_jetpack_dont_email_post_to_subs":false,"_jetpack_newsletter_tier_id":0,"_jetpack_memberships_contains_paywalled_content":false,"_jetpack_memberships_contains_paid_content":false,"footnotes":"","jetpack_publicize_message":"","jetpack_publicize_feature_enabled":true,"jetpack_social_post_already_shared":true,"jetpack_social_options":{"image_generator_settings":{"template":"highway","default_image_id":0,"font":"","enabled":false},"version":2}},"categories":[657],"tags":[1073,37550,1545,2330,4285,3969],"class_list":["post-192990","post","type-post","status-publish","format-standard","has-post-thumbnail","hentry","category-spor","tag-ozel","tag-balkanlarin","tag-haber","tag-iscisi","tag-temizlik","tag-zirvesinde"],"jetpack_publicize_connections":[],"jetpack_featured_media_url":"https:\/\/i0.wp.com\/www.tvturk.com\/wp-content\/uploads\/2019\/08\/ozel-haber-temizlik-iscisi-balkanlarin-zirvesinde_920e395.jpg?fit=1000%2C865","jetpack_sharing_enabled":true,"jetpack_shortlink":"https:\/\/wp.me\/paKIfm-OcK","_links":{"self":[{"href":"http:\/\/www.tvturk.com\/index.php\/wp-json\/wp\/v2\/posts\/192990","targetHints":{"allow":["GET"]}}],"collection":[{"href":"http:\/\/www.tvturk.com\/index.php\/wp-json\/wp\/v2\/posts"}],"about":[{"href":"http:\/\/www.tvturk.com\/index.php\/wp-json\/wp\/v2\/types\/post"}],"author":[{"embeddable":true,"href":"http:\/\/www.tvturk.com\/index.php\/wp-json\/wp\/v2\/users\/1"}],"replies":[{"embeddable":true,"href":"http:\/\/www.tvturk.com\/index.php\/wp-json\/wp\/v2\/comments?post=192990"}],"version-history":[{"count":0,"href":"http:\/\/www.tvturk.com\/index.php\/wp-json\/wp\/v2\/posts\/192990\/revisions"}],"wp:featuredmedia":[{"embeddable":true,"href":"http:\/\/www.tvturk.com\/index.php\/wp-json\/wp\/v2\/media\/192991"}],"wp:attachment":[{"href":"http:\/\/www.tvturk.com\/index.php\/wp-json\/wp\/v2\/media?parent=192990"}],"wp:term":[{"taxonomy":"category","embeddable":true,"href":"http:\/\/www.tvturk.com\/index.php\/wp-json\/wp\/v2\/categories?post=192990"},{"taxonomy":"post_tag","embeddable":true,"href":"http:\/\/www.tvturk.com\/index.php\/wp-json\/wp\/v2\/tags?post=192990"}],"curies":[{"name":"wp","href":"https:\/\/api.w.org\/{rel}","templated":true}]}}