{"id":193004,"date":"2019-08-12T11:32:04","date_gmt":"2019-08-12T08:32:04","guid":{"rendered":"http:\/\/www.tvturk.com\/index.php\/bulent-ersoy-orkestraya-cildirdi\/"},"modified":"2019-08-12T11:32:04","modified_gmt":"2019-08-12T08:32:04","slug":"bulent-ersoy-orkestraya-cildirdi","status":"publish","type":"post","link":"http:\/\/www.tvturk.com\/index.php\/bulent-ersoy-orkestraya-cildirdi\/","title":{"rendered":"B\u00fclent Ersoy, orkestraya \u00e7\u0131ld\u0131rd\u0131"},"content":{"rendered":"<p>T\u00fcrk Sanat M\u00fczi\u011fi\u2019nin Diva\u2019s\u0131 B\u00fclent Ersoy, Kurban Bayram\u0131\u2019n\u0131n ilk g\u00fcn\u00fcnde bir otelde sahne ald\u0131. Sahneye \u00e7\u0131karken m\u00fczi\u011fi giren orkestraya \u00e7\u0131ld\u0131ran Ersoy, &#8220;Canl\u0131 diye playback \u00e7al\u0131yorsunuz onu da beceremiyorsunuz. Aptal bunlar\u201d diyerek a\u00e7t\u0131 a\u011fz\u0131n\u0131 yumdu g\u00f6z\u00fcn\u00fc.<\/p>\n<p>Bodrum\u2019da bulunan bir otelde sahne alan B\u00fclent Ersoy sahneye \u00e7\u0131karken bir anda ba\u015flayan m\u00fczi\u011fe sinirlenerek m\u00fczi\u011fi durdurdu. Canl\u0131 performans yerine playback giren orkestraya a\u00e7t\u0131 a\u011fz\u0131n yumdu g\u00f6z\u00fcn\u00fc. Sinirlenen Ersoy, &#8220;Salak bunlar ger\u00e7ekten salak. Niye a\u00e7\u0131k veriyorsun, madem ba\u015flad\u0131n i\u00e7erden okuyormu\u015f gibi gelece\u011fim sizlere yedirece\u011fim canl\u0131 performansm\u0131\u015f gibi\u201d ifadelerini kulland\u0131.<\/p>\n<p>Daha sonra Program\u0131na T\u00fcrk Sanat M\u00fczi\u011fi\u2019nin se\u00e7kin eserleri ile ba\u015flayan B\u00fclent Ersoy, g\u00fc\u00e7l\u00fc sesi ve e\u015fsiz yorumuyla tam anlam\u0131yla kulaklar\u0131n pas\u0131n\u0131 sildi. Salonu t\u0131kl\u0131m t\u0131kl\u0131m dolduran hayranlar\u0131 ile zaman zaman sohbette eden Diva, kendisini dinlemeye gelenleri esprileriyle kahkahalara bo\u011farak konserini doyumsuz bir e\u011flenceye \u00e7evirdi.<\/p>\n<p>Bir ara sahneden inerek tatilcilerin aras\u0131na kar\u0131\u015fan Ersoy, kendisi ile foto\u011fraf \u00e7ektirmek isteyen hi\u00e7 bir hayran\u0131 geri \u00e7evirmeyerek selfie rekoru k\u0131rd\u0131.<\/p>\n<p>Konserinin son b\u00f6l\u00fcmlerinde G\u00fcl\u015fah Sara\u00e7o\u011flu imzal\u0131 elbisesi ile sahnenin tozunu att\u0131ran Diva, bir bu\u00e7uk saatlik program\u0131n\u0131 sevenlerinin iste\u011fi \u00fczerine yar\u0131m saat daha uzatarak bayram co\u015fkusunu ikiye katlad\u0131.<\/p>\n","protected":false},"excerpt":{"rendered":"<p>T\u00dcRK SANAT M\u00dcZ\u0130\u011e\u0130&#8217;N\u0130N D\u0130VA&#8217;SI B\u00dcLENT ERSOY, KURBAN BAYRAMI&#8217;NIN \u0130LK G\u00dcN\u00dcNDE B\u0130R OTELDE SAHNE ALDI<\/p>\n","protected":false},"author":1,"featured_media":193005,"comment_status":"closed","ping_status":"open","sticky":false,"template":"","format":"standard","meta":{"jetpack_post_was_ever_published":false,"_jetpack_newsletter_access":"","_jetpack_dont_email_post_to_subs":false,"_jetpack_newsletter_tier_id":0,"_jetpack_memberships_contains_paywalled_content":false,"_jetpack_memberships_contains_paid_content":false,"footnotes":"","jetpack_publicize_message":"","jetpack_publicize_feature_enabled":true,"jetpack_social_post_already_shared":true,"jetpack_social_options":{"image_generator_settings":{"template":"highway","default_image_id":0,"font":"","enabled":false},"version":2}},"categories":[1],"tags":[2193,15207,2868,48311],"class_list":["post-193004","post","type-post","status-publish","format-standard","has-post-thumbnail","hentry","category-genel","tag-bulent","tag-cildirdi","tag-ersoy","tag-orkestraya"],"jetpack_publicize_connections":[],"jetpack_featured_media_url":"https:\/\/i0.wp.com\/www.tvturk.com\/wp-content\/uploads\/2019\/08\/bulent-ersoy-orkestraya-cildirdi_2ad2669.jpg?fit=1000%2C718","jetpack_sharing_enabled":true,"jetpack_shortlink":"https:\/\/wp.me\/paKIfm-OcY","_links":{"self":[{"href":"http:\/\/www.tvturk.com\/index.php\/wp-json\/wp\/v2\/posts\/193004","targetHints":{"allow":["GET"]}}],"collection":[{"href":"http:\/\/www.tvturk.com\/index.php\/wp-json\/wp\/v2\/posts"}],"about":[{"href":"http:\/\/www.tvturk.com\/index.php\/wp-json\/wp\/v2\/types\/post"}],"author":[{"embeddable":true,"href":"http:\/\/www.tvturk.com\/index.php\/wp-json\/wp\/v2\/users\/1"}],"replies":[{"embeddable":true,"href":"http:\/\/www.tvturk.com\/index.php\/wp-json\/wp\/v2\/comments?post=193004"}],"version-history":[{"count":0,"href":"http:\/\/www.tvturk.com\/index.php\/wp-json\/wp\/v2\/posts\/193004\/revisions"}],"wp:featuredmedia":[{"embeddable":true,"href":"http:\/\/www.tvturk.com\/index.php\/wp-json\/wp\/v2\/media\/193005"}],"wp:attachment":[{"href":"http:\/\/www.tvturk.com\/index.php\/wp-json\/wp\/v2\/media?parent=193004"}],"wp:term":[{"taxonomy":"category","embeddable":true,"href":"http:\/\/www.tvturk.com\/index.php\/wp-json\/wp\/v2\/categories?post=193004"},{"taxonomy":"post_tag","embeddable":true,"href":"http:\/\/www.tvturk.com\/index.php\/wp-json\/wp\/v2\/tags?post=193004"}],"curies":[{"name":"wp","href":"https:\/\/api.w.org\/{rel}","templated":true}]}}