{"id":193018,"date":"2019-08-12T12:01:47","date_gmt":"2019-08-12T09:01:47","guid":{"rendered":"http:\/\/www.tvturk.com\/index.php\/eren-bulbul-adina-kurban-kesildi\/"},"modified":"2019-08-12T12:01:47","modified_gmt":"2019-08-12T09:01:47","slug":"eren-bulbul-adina-kurban-kesildi","status":"publish","type":"post","link":"http:\/\/www.tvturk.com\/index.php\/eren-bulbul-adina-kurban-kesildi\/","title":{"rendered":"Eren B\u00fclb\u00fcl ad\u0131na kurban kesildi"},"content":{"rendered":"<p>T\u00fcrkiye Diyanet Vakf\u0131, Vekaletle Kurban Program\u0131 kapsam\u0131nda ter\u00f6r \u00f6rg\u00fct\u00fc taraf\u0131ndan Trabzon\u2019da \u015fehit edilen 15 ya\u015f\u0131ndaki Eren B\u00fclb\u00fcl ve t\u00fcm \u015fehitlerimiz ad\u0131na kendi kaynaklar\u0131ndan kurban kesimi ger\u00e7ekle\u015ftirdi.<\/p>\n<p>T\u00fcrkiye ve d\u00fcnyan\u0131n 149 \u00fclkesinde g\u00f6n\u00fcll\u00fcler vas\u0131tas\u0131yla vekaletle kurban organizasyonu ger\u00e7ekle\u015ftiren T\u00fcrkiye Diyanet Vakf\u0131 Togo\u2019da ger\u00e7ekle\u015ftirdi\u011fi kurban organizasyonu kapsam\u0131nda binlerce ihtiya\u00e7 sahibi aileye ula\u015fmaya devam ediyor.<\/p>\n<p>G\u00fcven ve emanet \u015fiar\u0131yla \u0130slam\u00ee usullere uygun \u015fekilde toplamda 14 bin 700 hisse kurban\u0131n kesildi\u011fi Togo\u2019da T\u00fcrkiye Diyanet Vakf\u0131, hay\u0131rseverlerin ba\u011f\u0131\u015flar\u0131n\u0131n yan\u0131 s\u0131ra kendi kaynaklar\u0131ndan Eren B\u00fclb\u00fcl ve t\u00fcm \u015fehitlerimiz ad\u0131na bir hisse kurban keserek Togolu ihtiya\u00e7 sahiplerine ula\u015ft\u0131rd\u0131.<\/p>\n<p>11 A\u011fustos 2017\u2019de Trabzon\u2019un Ma\u00e7ka il\u00e7esinde b\u00f6l\u00fcc\u00fc ter\u00f6r \u00f6rg\u00fct\u00fc mensuplar\u0131yla sa\u011flanan s\u0131cak temas s\u0131ras\u0131nda \u015fehit d\u00fc\u015fen Eren B\u00fclb\u00fcl\u2019\u00fcn kurban hissesine T\u00fcrkiye\u2019den Togo\u2019ya kurban organizasyonu i\u00e7in giden g\u00f6n\u00fcll\u00fcm\u00fcz oyuncu Reha Beyo\u011flu vekalet etti.<\/p>\n<p>Kurban kesimine Eren B\u00fclb\u00fcl\u2019\u00fcn ya\u015f\u0131tlar\u0131 olan Togolu \u00e7ocuklarda e\u015flik etti. Daha sonra Eren ve t\u00fcm \u015fehitlerimiz ad\u0131na dualar edilerek Fatihalar okundu.<\/p>\n","protected":false},"excerpt":{"rendered":"<p>T\u00dcRK\u0130YE D\u0130YANET VAKFI, VEKALETLE KURBAN PROGRAMI KAPSAMINDA TER\u00d6R \u00d6RG\u00dcT\u00dc TARAFINDAN TRABZON\u2019DA \u015eEH\u0130T ED\u0130LEN 15 YA\u015eINDAK\u0130 EREN B\u00dcLB\u00dcL VE T\u00dcM \u015eEH\u0130TLER\u0130M\u0130Z ADINA KEND\u0130 KAYNAKLARINDAN KURBAN KES\u0130M\u0130 GER\u00c7EKLE\u015eT\u0130RD\u0130.<\/p>\n","protected":false},"author":1,"featured_media":193019,"comment_status":"closed","ping_status":"open","sticky":false,"template":"","format":"standard","meta":{"jetpack_post_was_ever_published":false,"_jetpack_newsletter_access":"","_jetpack_dont_email_post_to_subs":false,"_jetpack_newsletter_tier_id":0,"_jetpack_memberships_contains_paywalled_content":false,"_jetpack_memberships_contains_paid_content":false,"footnotes":"","jetpack_publicize_message":"","jetpack_publicize_feature_enabled":true,"jetpack_social_post_already_shared":true,"jetpack_social_options":{"image_generator_settings":{"template":"highway","default_image_id":0,"font":"","enabled":false},"version":2}},"categories":[1],"tags":[11318,3160,175,1206,20956],"class_list":["post-193018","post","type-post","status-publish","format-standard","has-post-thumbnail","hentry","category-genel","tag-adina","tag-bulbul","tag-eren","tag-kesildi","tag-kurban"],"jetpack_publicize_connections":[],"jetpack_featured_media_url":"https:\/\/i0.wp.com\/www.tvturk.com\/wp-content\/uploads\/2019\/08\/eren-bulbul-adina-kurban-kesildi_2aca5c6.jpg?fit=1000%2C561","jetpack_sharing_enabled":true,"jetpack_shortlink":"https:\/\/wp.me\/paKIfm-Odc","_links":{"self":[{"href":"http:\/\/www.tvturk.com\/index.php\/wp-json\/wp\/v2\/posts\/193018","targetHints":{"allow":["GET"]}}],"collection":[{"href":"http:\/\/www.tvturk.com\/index.php\/wp-json\/wp\/v2\/posts"}],"about":[{"href":"http:\/\/www.tvturk.com\/index.php\/wp-json\/wp\/v2\/types\/post"}],"author":[{"embeddable":true,"href":"http:\/\/www.tvturk.com\/index.php\/wp-json\/wp\/v2\/users\/1"}],"replies":[{"embeddable":true,"href":"http:\/\/www.tvturk.com\/index.php\/wp-json\/wp\/v2\/comments?post=193018"}],"version-history":[{"count":0,"href":"http:\/\/www.tvturk.com\/index.php\/wp-json\/wp\/v2\/posts\/193018\/revisions"}],"wp:featuredmedia":[{"embeddable":true,"href":"http:\/\/www.tvturk.com\/index.php\/wp-json\/wp\/v2\/media\/193019"}],"wp:attachment":[{"href":"http:\/\/www.tvturk.com\/index.php\/wp-json\/wp\/v2\/media?parent=193018"}],"wp:term":[{"taxonomy":"category","embeddable":true,"href":"http:\/\/www.tvturk.com\/index.php\/wp-json\/wp\/v2\/categories?post=193018"},{"taxonomy":"post_tag","embeddable":true,"href":"http:\/\/www.tvturk.com\/index.php\/wp-json\/wp\/v2\/tags?post=193018"}],"curies":[{"name":"wp","href":"https:\/\/api.w.org\/{rel}","templated":true}]}}