{"id":193062,"date":"2019-08-12T13:31:48","date_gmt":"2019-08-12T10:31:48","guid":{"rendered":"http:\/\/www.tvturk.com\/index.php\/ozel-bayramda-istanbullular-menekse-plajina-akin-etti\/"},"modified":"2019-08-12T13:31:48","modified_gmt":"2019-08-12T10:31:48","slug":"ozel-bayramda-istanbullular-menekse-plajina-akin-etti","status":"publish","type":"post","link":"http:\/\/www.tvturk.com\/index.php\/ozel-bayramda-istanbullular-menekse-plajina-akin-etti\/","title":{"rendered":"(\u00d6zel) Bayramda \u0130stanbullular Menek\u015fe plaj\u0131na ak\u0131n etti"},"content":{"rendered":"<p>Kurban Bayram\u0131 tatilini \u0130stanbul\u2019da ge\u00e7iren kent sakinleri, bayram\u0131n ikinci g\u00fcn\u00fcnde s\u0131cakl\u0131klar\u0131n artmas\u0131yla solu\u011fu Menek\u015fe plaj\u0131nda ald\u0131. Binlerce \u0130stanbullunun olu\u015fturdu\u011fu yo\u011funluk havadan g\u00f6r\u00fcnt\u00fclendi.<\/p>\n<p>Kurban Bayram\u0131\u2019n\u0131 \u0130stanbul\u2019da ge\u00e7iren kent sakinleri hava s\u0131cakl\u0131klar\u0131n\u0131n artmas\u0131yla Menek\u015fe plaj\u0131na ak\u0131n etti. Binlerce vatanda\u015f\u0131n olu\u015fturdu\u011fu yo\u011funluk \u00e7ekilen g\u00f6r\u00fcnt\u00fclerle g\u00f6zler \u00f6n\u00fcne serildi. Havadan \u00e7ekilen g\u00f6r\u00fcnt\u00fclerde baz\u0131 vatanda\u015flar\u0131n dubalar\u0131n ard\u0131nda y\u00fczmeye \u00e7al\u0131\u015ft\u0131\u011f\u0131n\u0131 ancak cankurtaran ekiplerinin botla yanlar\u0131na gelerek onlar\u0131 uyard\u0131\u011f\u0131 g\u00f6r\u00fcld\u00fc. S\u0131cak havadan bunalan vatanda\u015flar, denize girerek serinlerken baz\u0131 vatanda\u015flar da ailesiyle birlikte mangal yapt\u0131. Sahillerde yo\u011fun kalabal\u0131\u011f\u0131 f\u0131rsat bilen i\u015fportac\u0131lar da \u00fcr\u00fcnlerini satt\u0131.<\/p>\n","protected":false},"excerpt":{"rendered":"<p>BAYRAMDA \u0130STANBULLULAR MENEK\u015eE PLAJINA AKIN ETT\u0130<\/p>\n","protected":false},"author":1,"featured_media":193063,"comment_status":"closed","ping_status":"open","sticky":false,"template":"","format":"standard","meta":{"jetpack_post_was_ever_published":false,"_jetpack_newsletter_access":"","_jetpack_dont_email_post_to_subs":false,"_jetpack_newsletter_tier_id":0,"_jetpack_memberships_contains_paywalled_content":false,"_jetpack_memberships_contains_paid_content":false,"footnotes":"","jetpack_publicize_message":"","jetpack_publicize_feature_enabled":true,"jetpack_social_post_already_shared":true,"jetpack_social_options":{"image_generator_settings":{"template":"highway","default_image_id":0,"font":"","enabled":false},"version":2}},"categories":[1],"tags":[33880,1073,328,207,17236,48324,40385],"class_list":["post-193062","post","type-post","status-publish","format-standard","has-post-thumbnail","hentry","category-genel","tag-bayramda","tag-ozel","tag-akin","tag-etti","tag-istanbullular","tag-menekse","tag-plajina"],"jetpack_publicize_connections":[],"jetpack_featured_media_url":"https:\/\/i0.wp.com\/www.tvturk.com\/wp-content\/uploads\/2019\/08\/ozel-bayramda-istanbullular-menekse-plajina-akin-etti_1ce7d95.jpg?fit=1000%2C562","jetpack_sharing_enabled":true,"jetpack_shortlink":"https:\/\/wp.me\/paKIfm-OdU","_links":{"self":[{"href":"http:\/\/www.tvturk.com\/index.php\/wp-json\/wp\/v2\/posts\/193062","targetHints":{"allow":["GET"]}}],"collection":[{"href":"http:\/\/www.tvturk.com\/index.php\/wp-json\/wp\/v2\/posts"}],"about":[{"href":"http:\/\/www.tvturk.com\/index.php\/wp-json\/wp\/v2\/types\/post"}],"author":[{"embeddable":true,"href":"http:\/\/www.tvturk.com\/index.php\/wp-json\/wp\/v2\/users\/1"}],"replies":[{"embeddable":true,"href":"http:\/\/www.tvturk.com\/index.php\/wp-json\/wp\/v2\/comments?post=193062"}],"version-history":[{"count":0,"href":"http:\/\/www.tvturk.com\/index.php\/wp-json\/wp\/v2\/posts\/193062\/revisions"}],"wp:featuredmedia":[{"embeddable":true,"href":"http:\/\/www.tvturk.com\/index.php\/wp-json\/wp\/v2\/media\/193063"}],"wp:attachment":[{"href":"http:\/\/www.tvturk.com\/index.php\/wp-json\/wp\/v2\/media?parent=193062"}],"wp:term":[{"taxonomy":"category","embeddable":true,"href":"http:\/\/www.tvturk.com\/index.php\/wp-json\/wp\/v2\/categories?post=193062"},{"taxonomy":"post_tag","embeddable":true,"href":"http:\/\/www.tvturk.com\/index.php\/wp-json\/wp\/v2\/tags?post=193062"}],"curies":[{"name":"wp","href":"https:\/\/api.w.org\/{rel}","templated":true}]}}