{"id":193066,"date":"2019-08-12T13:46:32","date_gmt":"2019-08-12T10:46:32","guid":{"rendered":"http:\/\/www.tvturk.com\/index.php\/sile-plajindaki-bayram-yogunlugu-havadan-goruntulendi\/"},"modified":"2019-08-12T13:46:32","modified_gmt":"2019-08-12T10:46:32","slug":"sile-plajindaki-bayram-yogunlugu-havadan-goruntulendi","status":"publish","type":"post","link":"http:\/\/www.tvturk.com\/index.php\/sile-plajindaki-bayram-yogunlugu-havadan-goruntulendi\/","title":{"rendered":"\u015eile Plaj\u0131\u2019ndaki bayram yo\u011funlu\u011fu havadan g\u00f6r\u00fcnt\u00fclendi"},"content":{"rendered":"<p>Kurban Bayram\u0131 tatilini \u0130stanbul\u2019da ge\u00e7iren binlerce vatanda\u015f bayram\u0131n ikinci g\u00fcn\u00fcnde \u015eile\u2019deki plaja ak\u0131n etti. Havan\u0131n g\u00fczel olmas\u0131n\u0131 f\u0131rsat bilerek y\u00fczmek isteyen vatanda\u015flar\u0131n \u015eile Plaj\u0131\u2019nda olu\u015fturdu\u011fu yo\u011funluk ise havadan g\u00f6r\u00fcnt\u00fclendi.<\/p>\n<p>Kurban Bayram\u0131 tatilini \u0130stanbul\u2019da ge\u00e7iren binlerce vatanda\u015f \u015eile\u2019de denize girerek serinledi. \u015eile\u2019deki bayram yo\u011funlu\u011fu havadan g\u00f6r\u00fcnt\u00fclenirken, tatilcilerin dev dalgalar aras\u0131nda denize girmesi dikkat \u00e7ekti. Plajdaki tatilcilerin baz\u0131lar\u0131 suyun so\u011fuk olmas\u0131 sebebiyle kumsalda g\u00fcne\u015flenirken, baz\u0131lar\u0131 ise dev dalgalar aras\u0131nda denize girmeyi tercih etti. Cankurtaran ekipleri vatanda\u015flar\u0131 denizde fazla a\u00e7\u0131lmamalar\u0131 konusunda uyard\u0131.<\/p>\n<p>Maltepe\u2019den denize girmek i\u00e7in gelen Ercan \u00d6zer, \u201c\u00c7ok kalabal\u0131k ve \u00e7ok so\u011fuk.  Bug\u00fcn a\u015f\u0131r\u0131 so\u011fuk denize giremiyoruz hatta. Ama iyi kafa dinliyoruz. Maltepe\u2019den geliyoruz. Biraz tatil yapal\u0131m. D\u0131\u015far\u0131ya \u00e7\u0131kamad\u0131k. \u0130stanbul\u2019da de\u011ferlendirelim dedik\u201d ifadelerini kulland\u0131.<\/p>\n<p>Erdal \u00dcnger ise, \u201c\u015eu an biraz so\u011fuk gibi biz giriyoruz ama \u00e7ocuklar giremiyor denize. Tatili de b\u00f6yle de\u011ferlendirelim diyoruz\u201d \u015feklinde konu\u015ftu.<\/p>\n","protected":false},"excerpt":{"rendered":"<p>\u015e\u0130LE PLAJI\u2019NDAK\u0130 BAYRAM YO\u011eUNLU\u011eU HAVADAN G\u00d6R\u00dcNT\u00dcLEND\u0130<\/p>\n","protected":false},"author":1,"featured_media":193067,"comment_status":"closed","ping_status":"open","sticky":false,"template":"","format":"standard","meta":{"jetpack_post_was_ever_published":false,"_jetpack_newsletter_access":"","_jetpack_dont_email_post_to_subs":false,"_jetpack_newsletter_tier_id":0,"_jetpack_memberships_contains_paywalled_content":false,"_jetpack_memberships_contains_paid_content":false,"footnotes":"","jetpack_publicize_message":"","jetpack_publicize_feature_enabled":true,"jetpack_social_post_already_shared":true,"jetpack_social_options":{"image_generator_settings":{"template":"highway","default_image_id":0,"font":"","enabled":false},"version":2}},"categories":[1],"tags":[23995,3388,3387,48325,18513,10277],"class_list":["post-193066","post","type-post","status-publish","format-standard","has-post-thumbnail","hentry","category-genel","tag-bayram","tag-goruntulendi","tag-havadan","tag-plajindaki","tag-sile","tag-yogunlugu"],"jetpack_publicize_connections":[],"jetpack_featured_media_url":"https:\/\/i0.wp.com\/www.tvturk.com\/wp-content\/uploads\/2019\/08\/sile-plajindaki-bayram-yogunlugu-havadan-goruntulendi_8040da2.jpg?fit=1000%2C562","jetpack_sharing_enabled":true,"jetpack_shortlink":"https:\/\/wp.me\/paKIfm-OdY","_links":{"self":[{"href":"http:\/\/www.tvturk.com\/index.php\/wp-json\/wp\/v2\/posts\/193066","targetHints":{"allow":["GET"]}}],"collection":[{"href":"http:\/\/www.tvturk.com\/index.php\/wp-json\/wp\/v2\/posts"}],"about":[{"href":"http:\/\/www.tvturk.com\/index.php\/wp-json\/wp\/v2\/types\/post"}],"author":[{"embeddable":true,"href":"http:\/\/www.tvturk.com\/index.php\/wp-json\/wp\/v2\/users\/1"}],"replies":[{"embeddable":true,"href":"http:\/\/www.tvturk.com\/index.php\/wp-json\/wp\/v2\/comments?post=193066"}],"version-history":[{"count":0,"href":"http:\/\/www.tvturk.com\/index.php\/wp-json\/wp\/v2\/posts\/193066\/revisions"}],"wp:featuredmedia":[{"embeddable":true,"href":"http:\/\/www.tvturk.com\/index.php\/wp-json\/wp\/v2\/media\/193067"}],"wp:attachment":[{"href":"http:\/\/www.tvturk.com\/index.php\/wp-json\/wp\/v2\/media?parent=193066"}],"wp:term":[{"taxonomy":"category","embeddable":true,"href":"http:\/\/www.tvturk.com\/index.php\/wp-json\/wp\/v2\/categories?post=193066"},{"taxonomy":"post_tag","embeddable":true,"href":"http:\/\/www.tvturk.com\/index.php\/wp-json\/wp\/v2\/tags?post=193066"}],"curies":[{"name":"wp","href":"https:\/\/api.w.org\/{rel}","templated":true}]}}