{"id":193074,"date":"2019-08-12T14:16:35","date_gmt":"2019-08-12T11:16:35","guid":{"rendered":"http:\/\/www.tvturk.com\/index.php\/bulanikta-bayramlasma-programi\/"},"modified":"2019-08-12T14:16:35","modified_gmt":"2019-08-12T11:16:35","slug":"bulanikta-bayramlasma-programi","status":"publish","type":"post","link":"http:\/\/www.tvturk.com\/index.php\/bulanikta-bayramlasma-programi\/","title":{"rendered":"Bulan\u0131k\u2019ta bayramla\u015fma program\u0131"},"content":{"rendered":"<p>MU\u015e (\u0130HA) \u2013 Mu\u015f\u2019un Bulan\u0131k Kaymakam\u0131 Hac\u0131 Aslan Uzan, vatanda\u015flarla bayramla\u015ft\u0131.<\/p>\n<p>\u00d6\u011fretmenevi bah\u00e7esinde ger\u00e7ekle\u015ftirilen bayramla\u015fma t\u00f6renine Bulan\u0131k Kaymakam\u0131 Hac\u0131 Arslan Uzan, Garnizon Komutan\u0131 Y\u00fczba\u015f\u0131 \u0130smail Horzum, \u0130l\u00e7e Emniyet M\u00fcd\u00fcr\u00fc Mesut Irmak, kurum amirleri, sivil toplum kurulu\u015fu temsilcileri ve vatanda\u015flar kat\u0131ld\u0131. Burada konu\u015fan Kaymakam Uzan, bayramlar\u0131n \u00f6nemine de\u011finerek, \u201cBayramlar; beraberlik ve karde\u015fli\u011fin per\u00e7inle\u015fti\u011fi, k\u00fcsk\u00fcnl\u00fcklerin, darg\u0131nl\u0131klar\u0131n ortadan kalkt\u0131\u011f\u0131, akraba ziyareti ile hasta ziyaretlerinin yap\u0131ld\u0131\u011f\u0131 bu g\u00fcnleri f\u0131rsat bilip il\u00e7e olarak bunu en iyi \u015fekilde de\u011ferlendirmeye \u00e7al\u0131\u015f\u0131yoruz. Bizler burada bir aile gibiyiz. Yakla\u015f\u0131k \u00fc\u00e7 y\u0131ld\u0131r sizlerle beraberiz. Sizler benim birer ailem oldunuz. Bulan\u0131k\u2019ta \u00e7ok g\u00fczel hizmetlere imza att\u0131\u011f\u0131m\u0131z\u0131 d\u00fc\u015f\u00fcn\u00fcyorum. Allah sizlerden raz\u0131 olsun\u201d dedi.<\/p>\n<p>\u0130l\u00e7ede dini ve milli bayramlar\u0131 co\u015fkuyla kutlad\u0131klar\u0131n\u0131 dile getiren Uzan, \u201cT\u00fcm d\u00fcnyada oldu\u011fu gibi \u00fclkemizin her ilinde, her beldesinde, her b\u00f6lgesinde ve her co\u011frafyas\u0131nda etnik k\u00f6keni ne olursa olsun, t\u00fcm halk\u0131m\u0131zla birlik ve beraberlik i\u00e7erisinde ya\u015fayaca\u011f\u0131z. \u00c7ok \u015f\u00fck\u00fcr \u00fclkemizde herkes birbiriyle karde\u015f\u00e7e ve huzur i\u00e7inde ya\u015f\u0131yor. Bundan sonra da ya\u015fayacak. Dile\u011fim odur ki bayramlarda bu \u00e7at\u0131 alt\u0131nda b\u00fct\u00fcn vatanda\u015flar\u0131m\u0131z\u0131n bulunmas\u0131d\u0131r&#8221; diye konu\u015ftu.<\/p>\n<p>Konu\u015fmalar\u0131n ard\u0131ndan kurum amirleri ve vatanda\u015flarla bayramla\u015fan Kaymakam Uzan ve beraberindekiler saha sonra Bulan\u0131k \u0130l\u00e7e Emniyet M\u00fcd\u00fcrl\u00fc\u011f\u00fc ile \u0130l\u00e7e Jandarma Komutanl\u0131\u011f\u0131n\u0131 ziyaret ederek polis ve askerlerin bayram\u0131n\u0131 kutlad\u0131.<\/p>\n<p>Beraberindekilerle birlikte Bulan\u0131k Devlet Hastanesi\u2019nde yatan hastalara ge\u00e7mi\u015f olsun dileklerinde bulunan Kaymakam Uzan, il\u00e7edeki \u015fehit ailelerini ziyaret ederek bayramlar\u0131n\u0131 kutlad\u0131.<\/p>\n","protected":false},"excerpt":{"rendered":"<p>MU\u015e\u2019UN BULANIK KAYMAKAMI HACI ASLAN UZAN, VATANDA\u015eLARLA BAYRAMLA\u015eTI.<\/p>\n","protected":false},"author":1,"featured_media":193075,"comment_status":"closed","ping_status":"open","sticky":false,"template":"","format":"standard","meta":{"jetpack_post_was_ever_published":false,"_jetpack_newsletter_access":"","_jetpack_dont_email_post_to_subs":false,"_jetpack_newsletter_tier_id":0,"_jetpack_memberships_contains_paywalled_content":false,"_jetpack_memberships_contains_paid_content":false,"footnotes":"","jetpack_publicize_message":"","jetpack_publicize_feature_enabled":true,"jetpack_social_post_already_shared":true,"jetpack_social_options":{"image_generator_settings":{"template":"highway","default_image_id":0,"font":"","enabled":false},"version":2}},"categories":[1],"tags":[39511,2817,1999],"class_list":["post-193074","post","type-post","status-publish","format-standard","has-post-thumbnail","hentry","category-genel","tag-bayramlasma","tag-bulanikta","tag-programi"],"jetpack_publicize_connections":[],"jetpack_featured_media_url":"https:\/\/i0.wp.com\/www.tvturk.com\/wp-content\/uploads\/2019\/08\/bulanikta-bayramlasma-programi_ba34439.jpg?fit=1000%2C664","jetpack_sharing_enabled":true,"jetpack_shortlink":"https:\/\/wp.me\/paKIfm-Oe6","_links":{"self":[{"href":"http:\/\/www.tvturk.com\/index.php\/wp-json\/wp\/v2\/posts\/193074","targetHints":{"allow":["GET"]}}],"collection":[{"href":"http:\/\/www.tvturk.com\/index.php\/wp-json\/wp\/v2\/posts"}],"about":[{"href":"http:\/\/www.tvturk.com\/index.php\/wp-json\/wp\/v2\/types\/post"}],"author":[{"embeddable":true,"href":"http:\/\/www.tvturk.com\/index.php\/wp-json\/wp\/v2\/users\/1"}],"replies":[{"embeddable":true,"href":"http:\/\/www.tvturk.com\/index.php\/wp-json\/wp\/v2\/comments?post=193074"}],"version-history":[{"count":0,"href":"http:\/\/www.tvturk.com\/index.php\/wp-json\/wp\/v2\/posts\/193074\/revisions"}],"wp:featuredmedia":[{"embeddable":true,"href":"http:\/\/www.tvturk.com\/index.php\/wp-json\/wp\/v2\/media\/193075"}],"wp:attachment":[{"href":"http:\/\/www.tvturk.com\/index.php\/wp-json\/wp\/v2\/media?parent=193074"}],"wp:term":[{"taxonomy":"category","embeddable":true,"href":"http:\/\/www.tvturk.com\/index.php\/wp-json\/wp\/v2\/categories?post=193074"},{"taxonomy":"post_tag","embeddable":true,"href":"http:\/\/www.tvturk.com\/index.php\/wp-json\/wp\/v2\/tags?post=193074"}],"curies":[{"name":"wp","href":"https:\/\/api.w.org\/{rel}","templated":true}]}}