{"id":193078,"date":"2019-08-12T14:31:39","date_gmt":"2019-08-12T11:31:39","guid":{"rendered":"http:\/\/www.tvturk.com\/index.php\/gocmenleri-ankara-diye-vana-biraktilar\/"},"modified":"2019-08-12T14:31:39","modified_gmt":"2019-08-12T11:31:39","slug":"gocmenleri-ankara-diye-vana-biraktilar","status":"publish","type":"post","link":"http:\/\/www.tvturk.com\/index.php\/gocmenleri-ankara-diye-vana-biraktilar\/","title":{"rendered":"G\u00f6\u00e7menleri \u2018Ankara\u2019 diye Van\u2019a b\u0131rakt\u0131lar"},"content":{"rendered":"<p>Ka\u00e7ak yollarla \u00fclkeye giri\u015f yapan Afganistan uyruklu 50 g\u00f6\u00e7men, \u2018Banker Bilo\u2019 filmindeki gibi insan tacirleri taraf\u0131ndan Ankara yerine Van\u2019da mahalle ortas\u0131na b\u0131rak\u0131larak terk edildi.<\/p>\n<p>\u0130nsan tacirleri taraf\u0131ndan yurda yasa d\u0131\u015f\u0131 yollarla getirilen yabanc\u0131 uyruklu g\u00f6\u00e7menler yurt d\u0131\u015f\u0131, Ankara, \u0130stanbul ve \u0130zmir hayaliyle kand\u0131r\u0131larak Van\u2019a getiriliyor. Kand\u0131r\u0131larak kente getirilen Afgan ve Pakistan uyruklu g\u00f6\u00e7menler; kentin en i\u015flek noktalar\u0131na, otogar ve apartman giri\u015flerine b\u0131rak\u0131l\u0131yor.<\/p>\n<p>Kurban Bayram\u0131\u2019n\u0131n birinci g\u00fcn\u00fcnde \u0130pekyolu il\u00e7esine ba\u011fl\u0131 Serhat Mahallesi\u2019nde bir apartman\u0131n \u00f6n\u00fcne \u00e7o\u011funlu\u011fu kad\u0131n ve \u00e7ocuklar\u0131n olu\u015fturdu\u011fu 50 g\u00f6\u00e7men b\u0131rak\u0131ld\u0131\u011f\u0131n\u0131 fark eden esnaf, g\u00f6\u00e7menlerin yard\u0131m\u0131na ko\u015farak kendilerine battaniye da\u011f\u0131tt\u0131. Afgan \u00e7ocuklar\u0131n y\u00fcz\u00fcn\u00fc g\u00fcld\u00fcrmek isteyen vatanda\u015flar, kendilerine lokum ve i\u00e7ecek da\u011f\u0131t\u0131rken kimi esnaf da kesti\u011fi kurbanl\u0131klar\u0131n etini onlara verdi.<\/p>\n<p>\u0130HA muhabirine konu\u015fan esnaf Mehmet Er\u00f6rs, g\u00f6\u00e7menlerin yurt d\u0131\u015f\u0131 hayaliyle kand\u0131r\u0131larak Van\u2019a getirildi\u011fini ifade ederek, \u201c\u0130\u00e7lerinde yaral\u0131 bir \u00e7ocuk vard\u0131. Bu \u00e7ocu\u011fu eve g\u00f6t\u00fcrerek pansumanlar\u0131n\u0131 yenilettim. Evden kendilerine yorgan getirdim. G\u00fcnlerce bu \u015fekilde duvar\u0131n dibinde peri\u015fan durumda duracaklar. Bayram g\u00fcn\u00fc g\u00f6\u00e7menleri bu durumda g\u00f6r\u00fcnce \u00e7ok \u00fcz\u00fcld\u00fcm ve kurban etini kendilerine da\u011f\u0131tt\u0131m\u201d dedi.<\/p>\n<p>Ankara\u2019da ya\u015fayan akrabalar\u0131na gitmek i\u00e7in T\u00fcrkiye\u2019ye geldi\u011fini ifade eden Sab\u0131r A\u015fgan isimli Afgan uyruklu gen\u00e7 15 g\u00fcn yol y\u00fcr\u00fcd\u00fckten sonra insan t\u00fcccarlar\u0131yla kar\u015f\u0131la\u015ft\u0131klar\u0131n\u0131 s\u00f6yledi. Ankara diye Van\u2019a getirildiklerini ifade eden A\u015fgan, annesinin kanser hastas\u0131 oldu\u011funu ve tedavi olmas\u0131 gerekti\u011fini ifade etti.<\/p>\n","protected":false},"excerpt":{"rendered":"<p>KA\u00c7AK YOLLARLA \u00dcLKEYE G\u0130R\u0130\u015e YAPAN AFGAN\u0130STAN UYRUKLU 50 G\u00d6\u00c7MEN, ANKARA YER\u0130NE VAN&#8217;A BIRAKILDI<\/p>\n","protected":false},"author":1,"featured_media":193079,"comment_status":"closed","ping_status":"open","sticky":false,"template":"","format":"standard","meta":{"jetpack_post_was_ever_published":false,"_jetpack_newsletter_access":"","_jetpack_dont_email_post_to_subs":false,"_jetpack_newsletter_tier_id":0,"_jetpack_memberships_contains_paywalled_content":false,"_jetpack_memberships_contains_paid_content":false,"footnotes":"","jetpack_publicize_message":"","jetpack_publicize_feature_enabled":true,"jetpack_social_post_already_shared":true,"jetpack_social_options":{"image_generator_settings":{"template":"highway","default_image_id":0,"font":"","enabled":false},"version":2}},"categories":[1],"tags":[1475,10828,11174,20795,9008],"class_list":["post-193078","post","type-post","status-publish","format-standard","has-post-thumbnail","hentry","category-genel","tag-ankara","tag-biraktilar","tag-diye","tag-gocmenleri","tag-vana"],"jetpack_publicize_connections":[],"jetpack_featured_media_url":"https:\/\/i0.wp.com\/www.tvturk.com\/wp-content\/uploads\/2019\/08\/gocmenleri-ankara-diye-vana-biraktilar_023a778.jpg?fit=1000%2C666","jetpack_sharing_enabled":true,"jetpack_shortlink":"https:\/\/wp.me\/paKIfm-Oea","_links":{"self":[{"href":"http:\/\/www.tvturk.com\/index.php\/wp-json\/wp\/v2\/posts\/193078","targetHints":{"allow":["GET"]}}],"collection":[{"href":"http:\/\/www.tvturk.com\/index.php\/wp-json\/wp\/v2\/posts"}],"about":[{"href":"http:\/\/www.tvturk.com\/index.php\/wp-json\/wp\/v2\/types\/post"}],"author":[{"embeddable":true,"href":"http:\/\/www.tvturk.com\/index.php\/wp-json\/wp\/v2\/users\/1"}],"replies":[{"embeddable":true,"href":"http:\/\/www.tvturk.com\/index.php\/wp-json\/wp\/v2\/comments?post=193078"}],"version-history":[{"count":0,"href":"http:\/\/www.tvturk.com\/index.php\/wp-json\/wp\/v2\/posts\/193078\/revisions"}],"wp:featuredmedia":[{"embeddable":true,"href":"http:\/\/www.tvturk.com\/index.php\/wp-json\/wp\/v2\/media\/193079"}],"wp:attachment":[{"href":"http:\/\/www.tvturk.com\/index.php\/wp-json\/wp\/v2\/media?parent=193078"}],"wp:term":[{"taxonomy":"category","embeddable":true,"href":"http:\/\/www.tvturk.com\/index.php\/wp-json\/wp\/v2\/categories?post=193078"},{"taxonomy":"post_tag","embeddable":true,"href":"http:\/\/www.tvturk.com\/index.php\/wp-json\/wp\/v2\/tags?post=193078"}],"curies":[{"name":"wp","href":"https:\/\/api.w.org\/{rel}","templated":true}]}}