{"id":193080,"date":"2019-08-12T14:31:43","date_gmt":"2019-08-12T11:31:43","guid":{"rendered":"http:\/\/www.tvturk.com\/index.php\/bayrami-istanbulda-geciren-vatandaslar-parklara-ve-sahillere-kostu\/"},"modified":"2019-08-12T14:31:43","modified_gmt":"2019-08-12T11:31:43","slug":"bayrami-istanbulda-geciren-vatandaslar-parklara-ve-sahillere-kostu","status":"publish","type":"post","link":"http:\/\/www.tvturk.com\/index.php\/bayrami-istanbulda-geciren-vatandaslar-parklara-ve-sahillere-kostu\/","title":{"rendered":"Bayram\u0131 \u0130stanbul\u2019da ge\u00e7iren vatanda\u015flar parklara ve sahillere ko\u015ftu"},"content":{"rendered":"<p>Kurban Bayram\u0131\u2019n\u0131 \u0130stanbul\u2019da ge\u00e7iren vatanda\u015flar g\u00fczel havay\u0131 f\u0131rsat bilerek parklara ve sahillere ko\u015ftu.<\/p>\n<p>Kurban Bayram\u0131 tatilinin ba\u015flamas\u0131yla birlikte \u0130stanbullular\u0131n bir k\u0131sm\u0131 yurt d\u0131\u015f\u0131 ya da \u015fehir d\u0131\u015f\u0131ndaki tatil beldelerine gitti. \u0130lk g\u00fcn oldu\u011fu gibi, bayram\u0131n 2\u2019nci g\u00fcn\u00fcnde de \u0130stanbul\u2019daki insan ve ara\u00e7 yo\u011funlu\u011fu g\u00f6zle g\u00f6r\u00fcl\u00fcr \u00f6l\u00e7\u00fcde azald\u0131. G\u00fcne\u015fin yak\u0131c\u0131 etkisinin ve nem oran\u0131n\u0131n \u00f6nceki g\u00fcnlere g\u00f6re daha az olmas\u0131n\u0131 f\u0131rsat bilen vatanda\u015flar da parklara ve sahillere ko\u015ftu.<\/p>\n<p>\u201c\u0130stanbul b\u00f6yle daha g\u00fczel\u201d<\/p>\n<p>\u0130stanbul\u2019un kalabal\u0131ktan uzak halinin daha g\u00fczel oldu\u011funu s\u00f6yleyen Hanife \u00c7elik, \u201cHava g\u00fczel, park g\u00fczel, \u0130stanbul g\u00fczel. \u0130stanbul \u015fu an g\u00fczel ama yar\u0131n bir g\u00fcn tatilciler d\u00f6n\u00fc\u015f yap\u0131nca kalabal\u0131k olacak. \u0130stanbul\u2019un bu hali daha g\u00fczel, trafik az\u201d dedi.<\/p>\n<p>\u201cBir g\u00fcn de bir g\u00fcnd\u00fcr, \u0130stanbul\u2019un tad\u0131n\u0131 \u00e7\u0131kar\u0131yoruz\u201d<\/p>\n<p>Bayram\u0131n ikinci g\u00fcn\u00fcn\u00fcn tad\u0131n\u0131 \u00e7\u0131kard\u0131klar\u0131n\u0131 s\u00f6yleyen \u0130lknur \u00c7elik, \u201c\u0130stanbul ke\u015fke hep b\u00f6yle sessiz, sakin, huzurlu olsayd\u0131. Ger\u00e7i ben yar\u0131n yine kalabal\u0131k olaca\u011f\u0131n\u0131 d\u00fc\u015f\u00fcn\u00fcyorum. \u00c7\u00fcnk\u00fc d\u00f6n\u00fc\u015f yoluna girecekler. Bir g\u00fcn de bir g\u00fcnd\u00fcr, tad\u0131n\u0131 \u00e7\u0131kar\u0131yoruz\u201d dedi.<\/p>\n<p>\u201cUEFA S\u00fcper Kupa finali i\u00e7in geldim\u201d<\/p>\n<p>\u0130stanbul\u2019a \u015fehir d\u0131\u015f\u0131ndan gelen bir ba\u015fka vatanda\u015f ise, \u201cElaz\u0131\u011f\u2019dan akrabalar\u0131m\u0131z\u0131 ziyaret etmek i\u00e7in geldim. Ayn\u0131 zamanda \u0130stanbul\u2019da yap\u0131lacak UEFA S\u00fcper Kupa finali i\u00e7in de geldim. Gelmi\u015fken de buralar\u0131n sakinli\u011fini de\u011ferlendirmek istedik. \u0130stanbul\u2019un bu hali daha iyi \u00e7\u00fcnk\u00fc toplu ta\u015f\u0131ma ara\u00e7lar\u0131, yollar vs. \u00e7ok daha sakin ve bo\u015f ama bazen insan o yo\u011funlu\u011fu da ar\u0131yor. Burada ya\u015fayan arkada\u015flar\u0131m\u0131z\u0131n bir\u00e7o\u011fu da tatil i\u00e7in \u0130stanbul d\u0131\u015f\u0131na \u00e7\u0131kt\u0131\u011f\u0131 i\u00e7in onlarla g\u00f6r\u00fc\u015femiyoruz. Ama \u0130stanbul yine de g\u00fczel bir \u015fehir\u201d dedi.<\/p>\n","protected":false},"excerpt":{"rendered":"<p>KURBAN BAYRAMI&#8217;NI \u0130STANBUL\u2019DA GE\u00c7\u0130REN VATANDA\u015eLAR G\u00dcZEL HAVAYI FIRSAT B\u0130LEREK PARKLARA VE SAH\u0130LLERE KO\u015eTU.<\/p>\n","protected":false},"author":1,"featured_media":193081,"comment_status":"closed","ping_status":"open","sticky":false,"template":"","format":"standard","meta":{"jetpack_post_was_ever_published":false,"_jetpack_newsletter_access":"","_jetpack_dont_email_post_to_subs":false,"_jetpack_newsletter_tier_id":0,"_jetpack_memberships_contains_paywalled_content":false,"_jetpack_memberships_contains_paid_content":false,"footnotes":"","jetpack_publicize_message":"","jetpack_publicize_feature_enabled":true,"jetpack_social_post_already_shared":true,"jetpack_social_options":{"image_generator_settings":{"template":"highway","default_image_id":0,"font":"","enabled":false},"version":2}},"categories":[1],"tags":[6193,8455,1268,3090,4083,48326,2344],"class_list":["post-193080","post","type-post","status-publish","format-standard","has-post-thumbnail","hentry","category-genel","tag-bayrami","tag-geciren","tag-istanbulda","tag-kostu","tag-parklara","tag-sahillere","tag-vatandaslar"],"jetpack_publicize_connections":[],"jetpack_featured_media_url":"https:\/\/i0.wp.com\/www.tvturk.com\/wp-content\/uploads\/2019\/08\/bayrami-istanbulda-geciren-vatandaslar-parklara-ve-sahillere-kostu_2fb694d.jpg?fit=1000%2C562","jetpack_sharing_enabled":true,"jetpack_shortlink":"https:\/\/wp.me\/paKIfm-Oec","_links":{"self":[{"href":"http:\/\/www.tvturk.com\/index.php\/wp-json\/wp\/v2\/posts\/193080","targetHints":{"allow":["GET"]}}],"collection":[{"href":"http:\/\/www.tvturk.com\/index.php\/wp-json\/wp\/v2\/posts"}],"about":[{"href":"http:\/\/www.tvturk.com\/index.php\/wp-json\/wp\/v2\/types\/post"}],"author":[{"embeddable":true,"href":"http:\/\/www.tvturk.com\/index.php\/wp-json\/wp\/v2\/users\/1"}],"replies":[{"embeddable":true,"href":"http:\/\/www.tvturk.com\/index.php\/wp-json\/wp\/v2\/comments?post=193080"}],"version-history":[{"count":0,"href":"http:\/\/www.tvturk.com\/index.php\/wp-json\/wp\/v2\/posts\/193080\/revisions"}],"wp:featuredmedia":[{"embeddable":true,"href":"http:\/\/www.tvturk.com\/index.php\/wp-json\/wp\/v2\/media\/193081"}],"wp:attachment":[{"href":"http:\/\/www.tvturk.com\/index.php\/wp-json\/wp\/v2\/media?parent=193080"}],"wp:term":[{"taxonomy":"category","embeddable":true,"href":"http:\/\/www.tvturk.com\/index.php\/wp-json\/wp\/v2\/categories?post=193080"},{"taxonomy":"post_tag","embeddable":true,"href":"http:\/\/www.tvturk.com\/index.php\/wp-json\/wp\/v2\/tags?post=193080"}],"curies":[{"name":"wp","href":"https:\/\/api.w.org\/{rel}","templated":true}]}}