{"id":193082,"date":"2019-08-12T14:31:48","date_gmt":"2019-08-12T11:31:48","guid":{"rendered":"http:\/\/www.tvturk.com\/index.php\/leo-bebegin-saglik-durumuna-iliskin-anne-ve-babasindan-aciklama\/"},"modified":"2019-08-12T14:31:48","modified_gmt":"2019-08-12T11:31:48","slug":"leo-bebegin-saglik-durumuna-iliskin-anne-ve-babasindan-aciklama","status":"publish","type":"post","link":"http:\/\/www.tvturk.com\/index.php\/leo-bebegin-saglik-durumuna-iliskin-anne-ve-babasindan-aciklama\/","title":{"rendered":"Leo bebe\u011fin sa\u011fl\u0131k durumuna ili\u015fkin anne ve babas\u0131ndan a\u00e7\u0131klama"},"content":{"rendered":"<p>\u0130zmir\u2019de kalbindeki damarlar\u0131 ters bir \u015fekilde d\u00fcnyaya gelen Leo bebe\u011fin, ambulans u\u00e7ak ile getirildi\u011fi Kartal Ko\u015fuyolu Kalp Hastanesinde tedavisinde devam ediliyor. Bebeklerinin sa\u011fl\u0131k durumuna ili\u015fkin a\u00e7\u0131klama yapan Dalg\u0131\u00e7 \u00e7ifti, Per\u015fembe g\u00fcn\u00fcnden itibaren Leo\u2019nun ameliyat edilebilecek duruma gelece\u011fini belirtti.<\/p>\n<p>Cemran ve Onur Dalg\u0131\u00e7 \u00e7iftinin bebe\u011fi Leo, \u0130zmir\u2019de kalbindeki damarlar\u0131 ters bir \u015fekilde do\u011fmu\u015f ve Sa\u011fl\u0131k Bakanl\u0131\u011f\u0131n\u0131n devreye girmesiyle ambulans u\u00e7ak ile Kartal Ko\u015fuyolu Kalp Hastanesine getirilmi\u015fti. Tedavisine burada devam edilen Leo bebe\u011fin anne ve babas\u0131, bebeklerinin sa\u011fl\u0131k durumuna ili\u015fkin a\u00e7\u0131klamalarda bulundu.<\/p>\n<p>\u201cPer\u015fembe g\u00fcn\u00fcnden itibaren ameliyat edilebilecek duruma gelecek\u201d<\/p>\n<p>Baba Onur Dalg\u0131\u00e7, \u201cBiraz \u00f6nce hocayla g\u00f6r\u00fc\u015febilme f\u0131rsat\u0131m\u0131z oldu. \u00c7ok \u015f\u00fck\u00fcr k\u00f6t\u00fcye giden hi\u00e7bir \u015fey yok. Durum stabil \u015fekilde seyrediyor. O\u011flumuzun anne s\u00fct\u00fcyle biraz daha g\u00fc\u00e7lenmeye ihtiyac\u0131 var. Biraz daha g\u00fc\u00e7lendikten sonra hoca Per\u015fembe g\u00fcn\u00fcnden itibaren ameliyat edilebilecek durumda olaca\u011f\u0131n\u0131 s\u00f6yledi. B\u00fct\u00fcn \u00fcmidimiz bu y\u00f6nde. Biz devaml\u0131 hastaneye s\u00fct getiriyoruz o\u011flumuzun ayakta kal\u0131p daha iyi \u015fekilde olmas\u0131 i\u00e7in\u201d dedi.<\/p>\n<p>\u201cSadece kuca\u011f\u0131ma al\u0131p eve gitmek istiyorum\u201d<\/p>\n<p>Anne Cemran Dalg\u0131\u00e7 ise, \u201cGe\u00e7mi\u015fe d\u00f6nmeyelim, sizlerle umudumuzu beklentilerimizi payla\u015ft\u0131k. Art\u0131k sonuca bakmak istiyorum. Sadece kuca\u011f\u0131ma al\u0131p \u015furama bas\u0131p eve gitmek istiyorum. \u0130n\u015fallah ameliyattan \u00e7\u0131kt\u0131\u011f\u0131 g\u00fcn hep beraber tekrar bulu\u015fal\u0131m. S\u00fct sa\u011fmam laz\u0131m, bebe\u011fin sadece buna ihtiyac\u0131 var. Ben g\u00f6rd\u00fcm az \u00f6nce Leo\u2019yu, uyuyordu. \u0130yi denirse iyi\u201d diye konu\u015ftu.<\/p>\n<p>Ayr\u0131ca anne Cemran Dalg\u0131\u00e7, \u201cKalp kapak\u00e7\u0131\u011f\u0131 kapanmadan o ameliyat\u0131 olmas\u0131 laz\u0131m. Bunun s\u00fcresi 15 g\u00fcn, 1 ay kadar dedi doktorumuz. Her an ekstra bir \u015fey olursa hemen ameliyata alacaklar\u201d dedi. Dalg\u0131\u00e7 \u00e7ifti, doktorun ve ekibinin acil bir durumda yar\u0131m saat i\u00e7erisinde ameliyata girebilecek seviyede olduklar\u0131n\u0131 belirtti.<\/p>\n","protected":false},"excerpt":{"rendered":"<p>LEO BEBE\u011e\u0130N SA\u011eLIK DURUMUNA \u0130L\u0130\u015eK\u0130N ANNE VE BABASINDAN A\u00c7IKLAMA GELD\u0130<\/p>\n","protected":false},"author":1,"featured_media":193083,"comment_status":"closed","ping_status":"open","sticky":false,"template":"","format":"standard","meta":{"jetpack_post_was_ever_published":false,"_jetpack_newsletter_access":"","_jetpack_dont_email_post_to_subs":false,"_jetpack_newsletter_tier_id":0,"_jetpack_memberships_contains_paywalled_content":false,"_jetpack_memberships_contains_paid_content":false,"footnotes":"","jetpack_publicize_message":"","jetpack_publicize_feature_enabled":true,"jetpack_social_post_already_shared":true,"jetpack_social_options":{"image_generator_settings":{"template":"highway","default_image_id":0,"font":"","enabled":false},"version":2}},"categories":[1],"tags":[3349,5582,4631,7110,48327,9764,38842,734],"class_list":["post-193082","post","type-post","status-publish","format-standard","has-post-thumbnail","hentry","category-genel","tag-aciklama","tag-anne","tag-babasindan","tag-bebegin","tag-durumuna","tag-iliskin","tag-leo","tag-saglik"],"jetpack_publicize_connections":[],"jetpack_featured_media_url":"https:\/\/i0.wp.com\/www.tvturk.com\/wp-content\/uploads\/2019\/08\/leo-bebegin-saglik-durumuna-iliskin-anne-ve-babasindan-aciklama_55a373a.jpg?fit=1000%2C562","jetpack_sharing_enabled":true,"jetpack_shortlink":"https:\/\/wp.me\/paKIfm-Oee","_links":{"self":[{"href":"http:\/\/www.tvturk.com\/index.php\/wp-json\/wp\/v2\/posts\/193082","targetHints":{"allow":["GET"]}}],"collection":[{"href":"http:\/\/www.tvturk.com\/index.php\/wp-json\/wp\/v2\/posts"}],"about":[{"href":"http:\/\/www.tvturk.com\/index.php\/wp-json\/wp\/v2\/types\/post"}],"author":[{"embeddable":true,"href":"http:\/\/www.tvturk.com\/index.php\/wp-json\/wp\/v2\/users\/1"}],"replies":[{"embeddable":true,"href":"http:\/\/www.tvturk.com\/index.php\/wp-json\/wp\/v2\/comments?post=193082"}],"version-history":[{"count":0,"href":"http:\/\/www.tvturk.com\/index.php\/wp-json\/wp\/v2\/posts\/193082\/revisions"}],"wp:featuredmedia":[{"embeddable":true,"href":"http:\/\/www.tvturk.com\/index.php\/wp-json\/wp\/v2\/media\/193083"}],"wp:attachment":[{"href":"http:\/\/www.tvturk.com\/index.php\/wp-json\/wp\/v2\/media?parent=193082"}],"wp:term":[{"taxonomy":"category","embeddable":true,"href":"http:\/\/www.tvturk.com\/index.php\/wp-json\/wp\/v2\/categories?post=193082"},{"taxonomy":"post_tag","embeddable":true,"href":"http:\/\/www.tvturk.com\/index.php\/wp-json\/wp\/v2\/tags?post=193082"}],"curies":[{"name":"wp","href":"https:\/\/api.w.org\/{rel}","templated":true}]}}