{"id":193088,"date":"2019-08-12T15:01:48","date_gmt":"2019-08-12T12:01:48","guid":{"rendered":"http:\/\/www.tvturk.com\/index.php\/sehit-ailesinin-evi-alevlere-teslim-oldu\/"},"modified":"2019-08-12T15:01:48","modified_gmt":"2019-08-12T12:01:48","slug":"sehit-ailesinin-evi-alevlere-teslim-oldu","status":"publish","type":"post","link":"http:\/\/www.tvturk.com\/index.php\/sehit-ailesinin-evi-alevlere-teslim-oldu\/","title":{"rendered":"\u015eehit ailesinin evi alevlere teslim oldu"},"content":{"rendered":"<p>Karab\u00fck\u2019\u00fcn Yenice il\u00e7esinde \u015fehit Celal Hat\u0131l\u2019\u0131n baba evinde hen\u00fcz belirlenemeyen bir sebeple yang\u0131n \u00e7\u0131kt\u0131. B\u00fct\u00fcn evi saran yang\u0131n yan evlere s\u0131\u00e7ramadan s\u00f6nd\u00fcr\u00fcld\u00fc.<\/p>\n<p>Edinilen bilgiye g\u00f6re, Karab\u00fck\u2019\u00fcn Yenice il\u00e7esi Atat\u00fcrk Mahallesi \u00c7ay mevkiinde \u015fehit Celal Hat\u0131l\u2019\u0131n baba evinde hen\u00fcz belirlenemeyen bir sebeple yang\u0131n \u00e7\u0131kt\u0131. Evden \u00e7\u0131kan dumanlar\u0131 fark eden vatanda\u015flar durumu Yenice Belediyesi itfaiye ekipleri ve Orman \u0130\u015fletme M\u00fcd\u00fcrl\u00fc\u011f\u00fcne bildirdi. Olay yerine gelen ekipler yang\u0131na m\u00fcdahale etti. K\u0131sa s\u00fcrede kontrol alt\u0131na al\u0131nan yang\u0131n di\u011fer evlere s\u0131\u00e7ramadan s\u00f6nd\u00fcr\u00fcld\u00fc. Olay\u0131 duyan Yenice Belediye Ba\u015fkan\u0131 Zeki \u00c7ayl\u0131 olay yerine gelerek bilgiler ald\u0131.<\/p>\n<p>\u0130tfaiye ve Orman \u0130\u015fletme M\u00fcd\u00fcrl\u00fc\u011f\u00fc ekiplerine \u00e7al\u0131\u015fmalar\u0131ndan dolay\u0131 te\u015fekk\u00fcr eden Belediye Ba\u015fkan\u0131 Zeki \u00c7ayl\u0131, \u201cFaciayla kar\u015f\u0131 kar\u015f\u0131ya kalmadan itfaiye ekiplerimizin \u00fcst\u00fcn gayretleri ve orman i\u015fletmemizin \u00e7al\u0131\u015fmalar\u0131yla \u00e7\u0131kan yang\u0131n\u0131 biti\u015fik nizamda olan evlere s\u0131\u00e7ramadan \u00f6nleyen ve \u015fu an so\u011futma \u00e7al\u0131\u015fmas\u0131 yapan ekiplerimize te\u015fekk\u00fcr ediyorum. \u00dczg\u00fcn\u00fcz bu m\u00fcbarek g\u00fcnde ke\u015fke olmasayd\u0131. Bu t\u00fcr afet ve felaketler herkesin ba\u015f\u0131na gelebiliyor. \u00c7\u0131k\u0131\u015f nedeni elektrik konta\u011f\u0131 olma ihtimali \u00e7ok y\u00fcksek. Yenice Belediyesi orman i\u015fletmesi ile birlikte takviyede eme\u011fi ge\u00e7en herkese te\u015fekk\u00fcr ediyorum. Herkese ge\u00e7mi\u015f olsun diyorum\u201d \u015feklinde konu\u015ftu.<\/p>\n","protected":false},"excerpt":{"rendered":"<p>YEN\u0130CE&#8217;DE \u015eEH\u0130T CELAL HATIL\u2019IN BABA EV\u0130NDE YANGIN \u00c7IKTI.<\/p>\n","protected":false},"author":1,"featured_media":193089,"comment_status":"closed","ping_status":"open","sticky":false,"template":"","format":"standard","meta":{"jetpack_post_was_ever_published":false,"_jetpack_newsletter_access":"","_jetpack_dont_email_post_to_subs":false,"_jetpack_newsletter_tier_id":0,"_jetpack_memberships_contains_paywalled_content":false,"_jetpack_memberships_contains_paid_content":false,"footnotes":"","jetpack_publicize_message":"","jetpack_publicize_feature_enabled":true,"jetpack_social_post_already_shared":true,"jetpack_social_options":{"image_generator_settings":{"template":"highway","default_image_id":0,"font":"","enabled":false},"version":2}},"categories":[1],"tags":[951,3475,2019,77,237,169],"class_list":["post-193088","post","type-post","status-publish","format-standard","has-post-thumbnail","hentry","category-genel","tag-ailesinin","tag-alevlere","tag-evi","tag-oldu","tag-sehit","tag-teslim"],"jetpack_publicize_connections":[],"jetpack_featured_media_url":"https:\/\/i0.wp.com\/www.tvturk.com\/wp-content\/uploads\/2019\/08\/sehit-ailesinin-evi-alevlere-teslim-oldu_e29e6da.jpg?fit=1000%2C750","jetpack_sharing_enabled":true,"jetpack_shortlink":"https:\/\/wp.me\/paKIfm-Oek","_links":{"self":[{"href":"http:\/\/www.tvturk.com\/index.php\/wp-json\/wp\/v2\/posts\/193088","targetHints":{"allow":["GET"]}}],"collection":[{"href":"http:\/\/www.tvturk.com\/index.php\/wp-json\/wp\/v2\/posts"}],"about":[{"href":"http:\/\/www.tvturk.com\/index.php\/wp-json\/wp\/v2\/types\/post"}],"author":[{"embeddable":true,"href":"http:\/\/www.tvturk.com\/index.php\/wp-json\/wp\/v2\/users\/1"}],"replies":[{"embeddable":true,"href":"http:\/\/www.tvturk.com\/index.php\/wp-json\/wp\/v2\/comments?post=193088"}],"version-history":[{"count":0,"href":"http:\/\/www.tvturk.com\/index.php\/wp-json\/wp\/v2\/posts\/193088\/revisions"}],"wp:featuredmedia":[{"embeddable":true,"href":"http:\/\/www.tvturk.com\/index.php\/wp-json\/wp\/v2\/media\/193089"}],"wp:attachment":[{"href":"http:\/\/www.tvturk.com\/index.php\/wp-json\/wp\/v2\/media?parent=193088"}],"wp:term":[{"taxonomy":"category","embeddable":true,"href":"http:\/\/www.tvturk.com\/index.php\/wp-json\/wp\/v2\/categories?post=193088"},{"taxonomy":"post_tag","embeddable":true,"href":"http:\/\/www.tvturk.com\/index.php\/wp-json\/wp\/v2\/tags?post=193088"}],"curies":[{"name":"wp","href":"https:\/\/api.w.org\/{rel}","templated":true}]}}