{"id":193100,"date":"2019-08-12T15:31:40","date_gmt":"2019-08-12T12:31:40","guid":{"rendered":"http:\/\/www.tvturk.com\/index.php\/mardinde-suryaniler-bayramlasma-programina-katildi\/"},"modified":"2019-08-12T15:31:40","modified_gmt":"2019-08-12T12:31:40","slug":"mardinde-suryaniler-bayramlasma-programina-katildi","status":"publish","type":"post","link":"http:\/\/www.tvturk.com\/index.php\/mardinde-suryaniler-bayramlasma-programina-katildi\/","title":{"rendered":"Mardin\u2019de S\u00fcryaniler bayramla\u015fma program\u0131na kat\u0131ld\u0131"},"content":{"rendered":"<p>Huzur ve ho\u015fg\u00f6r\u00fc kenti Mardin\u2019de, valilik taraf\u0131ndan d\u00fczenlenen bayramla\u015fma program\u0131na S\u00fcryani temsilcileri de kat\u0131larak ho\u015fg\u00f6r\u00fc ve karde\u015flik mesajlar\u0131 verdi.<\/p>\n<p>Mardin Valili\u011fince Kurban Bayram\u0131 d\u00fczenlenen bayramla\u015fma program\u0131 Artuklu \u00dcniversitesi Atat\u00fcrk K\u00fclt\u00fcr Merkezinde d\u00fczenlenen program ile ger\u00e7ekle\u015ftirildi. Farkl\u0131 din ve k\u00fclt\u00fcrlerin y\u00fcz y\u0131llard\u0131r karde\u015f\u00e7e ya\u015fad\u0131\u011f\u0131 Mardin\u2019de ger\u00e7ekle\u015ftirilen bayramla\u015fma program\u0131na Vali Mustafa Yaman, AK Parti Mardin Milletvekili Cengiz Demirkaya, 70. Mekanize Piyade Tugay Komutan\u0131 Tu\u011fgeneral Fedai \u00dcnsal, \u0130l Jandarma Komutan\u0131 Tu\u011fgeneral Yusuf Kenan Top\u00e7u, Mardin Cumhuriyet Cumhuriyet Ba\u015fsavc\u0131s\u0131 Ahmet Bekta\u015f, \u0130l Emniyet M\u00fcd\u00fcr\u00fc Hasan Onar, AK Parti Mardin \u0130l Ba\u015fkan\u0131 Faruk K\u0131l\u0131\u00e7,  kamu kurumlar\u0131 ve sivil toplum kurulu\u015flar\u0131n\u0131n temsilcileri ile Mardin-Diyarbak\u0131r Metropoliti Saliba \u00d6zmen ve K\u0131rklar Kilisesi Ba\u015fpapaz\u0131 Gabriyel Aky\u00fcz ile S\u00fcryani cemaati de kat\u0131ld\u0131.<\/p>\n<p>Programda bir konu\u015fma yapan Vali Yaman Mardin\u2019in \u00e7ok k\u00fclt\u00fcrl\u00fc bir \u015fehir oldu\u011funa dikkat \u00e7ekerek, \u201cBu bayramda burada Mardin\u2019de ya\u015fayan S\u00fcryani, Arap, T\u00fcrk, K\u00fcrt hep birlikte bayramla\u015ft\u0131k. S\u00fcryani toplumu da \u015fu anda bizimle beraber. Zaten her \u00f6nemli g\u00fcnlerde hep bir araday\u0131z. Her inan\u00e7 her k\u00fclt\u00fcr birlikte hareket ediyor, bu \u00e7ok g\u00fczel bir duygu. Bayramlar bildi\u011finiz gibi birli\u011fi ve beraberli\u011fi art\u0131r\u0131yor. \u0130nsanlar sevdikleriyle bulu\u015fuyor. Bu vesileyle de sevin\u00e7, co\u015fku birlikte duygular daha da peki\u015fiyor. S\u00fcryani cemaatine Kurban Bayram\u0131\u2019nda da bir arada oldu\u011fumuz i\u00e7in te\u015fekk\u00fcr ederim\u201d dedi.<\/p>\n<p>Metropolit \u00d6zmen, Cumhurba\u015fkan\u0131 Recep Tayyip Erdo\u011fan\u2019a te\u015fekk\u00fcr etti\u011fi konu\u015fmas\u0131nda Mardin\u2019de b\u00fct\u00fcn bayramlar\u0131n bir arada bir aile gibi kutlad\u0131klar\u0131n\u0131 ifade etti.  \u00d6zmen, \u201cDini bayramlar\u0131 hep birlikte kutlar\u0131z. Bu g\u00fcn de Kurban Bayram\u0131. Mardin \u00f6zelinde valimiz ba\u015fta olmak \u00fczere b\u00fct\u00fcn M\u00fcsl\u00fcman karde\u015flerimizin Kurban Bayram\u0131n\u0131 S\u00fcryani cemaatimiz ad\u0131na kutlar sa\u011fl\u0131k ve mutluluklar diliyoruz. T\u00fcrkiye genelinde de ba\u015fta Cumhurba\u015fkan\u0131m\u0131z Recep Tayyip Erdo\u011fan ve devlet erkan\u0131m\u0131z\u0131n, M\u00fcsl\u00fcman karde\u015flerimizin bayram\u0131n\u0131 kutluyoruz. Bu bayram\u0131n d\u00fcnya bar\u0131\u015f, g\u00fczelliklerin gelmesine vesile olmas\u0131n\u0131 diliyoruz. Mardin\u2019de bir aile gibi hep beraberiz. B\u00fct\u00fcn g\u00fczelliklerin bir arada oldu\u011fu, beraber ya\u015fad\u0131\u011f\u0131m\u0131z dillerin, dinlerin \u015fehri Mardin, bug\u00fcn \u00e7ok g\u00fczel bir g\u00fcn ya\u015f\u0131yor. M\u00fcsl\u00fcman karde\u015flerimizle b\u00fct\u00fcn toplumlarla bar\u0131\u015f ve huzur i\u00e7inde yal\u0131yoruz ve bunun devam\u0131n\u0131 diliyoruz. \u00dclkemizde huzurun ve bar\u0131\u015f\u0131n her zaman daim olmas\u0131 i\u00e7in dualar\u0131m\u0131z\u0131 yakar\u0131\u015flar\u0131m\u0131z\u0131 ilettik. Allah \u00fclkemize zeval vermesin\u201d diye konu\u015ftu.<\/p>\n","protected":false},"excerpt":{"rendered":"<p>VAL\u0130L\u0130K TARAFINDAN D\u00dcZENLENEN BAYRAMLA\u015eMA PROGRAMINA S\u00dcRYAN\u0130 TEMS\u0130LC\u0130LER\u0130 DE KATILARAK HO\u015eG\u00d6R\u00dc VE KARDE\u015eL\u0130K MESAJLARI VERD\u0130.<\/p>\n","protected":false},"author":1,"featured_media":193101,"comment_status":"closed","ping_status":"open","sticky":false,"template":"","format":"standard","meta":{"jetpack_post_was_ever_published":false,"_jetpack_newsletter_access":"","_jetpack_dont_email_post_to_subs":false,"_jetpack_newsletter_tier_id":0,"_jetpack_memberships_contains_paywalled_content":false,"_jetpack_memberships_contains_paid_content":false,"footnotes":"","jetpack_publicize_message":"","jetpack_publicize_feature_enabled":true,"jetpack_social_post_already_shared":true,"jetpack_social_options":{"image_generator_settings":{"template":"highway","default_image_id":0,"font":"","enabled":false},"version":2}},"categories":[1],"tags":[39511,1757,1837,3000,39530],"class_list":["post-193100","post","type-post","status-publish","format-standard","has-post-thumbnail","hentry","category-genel","tag-bayramlasma","tag-katildi","tag-mardinde","tag-programina","tag-suryaniler"],"jetpack_publicize_connections":[],"jetpack_featured_media_url":"https:\/\/i0.wp.com\/www.tvturk.com\/wp-content\/uploads\/2019\/08\/mardinde-suryaniler-bayramlasma-programina-katildi_8cce2e2.jpg?fit=1000%2C666","jetpack_sharing_enabled":true,"jetpack_shortlink":"https:\/\/wp.me\/paKIfm-Oew","_links":{"self":[{"href":"http:\/\/www.tvturk.com\/index.php\/wp-json\/wp\/v2\/posts\/193100","targetHints":{"allow":["GET"]}}],"collection":[{"href":"http:\/\/www.tvturk.com\/index.php\/wp-json\/wp\/v2\/posts"}],"about":[{"href":"http:\/\/www.tvturk.com\/index.php\/wp-json\/wp\/v2\/types\/post"}],"author":[{"embeddable":true,"href":"http:\/\/www.tvturk.com\/index.php\/wp-json\/wp\/v2\/users\/1"}],"replies":[{"embeddable":true,"href":"http:\/\/www.tvturk.com\/index.php\/wp-json\/wp\/v2\/comments?post=193100"}],"version-history":[{"count":0,"href":"http:\/\/www.tvturk.com\/index.php\/wp-json\/wp\/v2\/posts\/193100\/revisions"}],"wp:featuredmedia":[{"embeddable":true,"href":"http:\/\/www.tvturk.com\/index.php\/wp-json\/wp\/v2\/media\/193101"}],"wp:attachment":[{"href":"http:\/\/www.tvturk.com\/index.php\/wp-json\/wp\/v2\/media?parent=193100"}],"wp:term":[{"taxonomy":"category","embeddable":true,"href":"http:\/\/www.tvturk.com\/index.php\/wp-json\/wp\/v2\/categories?post=193100"},{"taxonomy":"post_tag","embeddable":true,"href":"http:\/\/www.tvturk.com\/index.php\/wp-json\/wp\/v2\/tags?post=193100"}],"curies":[{"name":"wp","href":"https:\/\/api.w.org\/{rel}","templated":true}]}}