{"id":193116,"date":"2019-08-12T16:01:54","date_gmt":"2019-08-12T13:01:54","guid":{"rendered":"http:\/\/www.tvturk.com\/index.php\/ucretsiz-olunca-izdiham-oldu\/"},"modified":"2019-08-12T16:01:54","modified_gmt":"2019-08-12T13:01:54","slug":"ucretsiz-olunca-izdiham-oldu","status":"publish","type":"post","link":"http:\/\/www.tvturk.com\/index.php\/ucretsiz-olunca-izdiham-oldu\/","title":{"rendered":"\u00dccretsiz olunca izdiham oldu"},"content":{"rendered":"<p>Zonguldak\u2019ta bir market Kurban Bayram\u0131 s\u00fcresi ve sonras\u0131 vatanda\u015flar\u0131n kurban etlerini \u00fccretsiz olarak k\u0131yma \u00e7ekiyor. \u00dccretsiz k\u0131yma \u00e7ektirmek isteyen vatanda\u015flar da saatlerce kuyrukta bekledi.<\/p>\n<p>Her y\u0131l Kurban Bayram\u0131 s\u00fcresince ve sonras\u0131nda kurban etlerini \u00fccretsiz k\u0131yma \u00e7ekerek vatanda\u015flara hizmet veren Zonguldak\u2019taki bir market gelene\u011fini bu Kurban Bayram\u0131\u2019nda da s\u00fcrd\u00fcrd\u00fc. \u00dccretsiz k\u0131yma \u00e7ekildi\u011fini duyan vatanda\u015flar markete ko\u015ftu. K\u0131yma \u00e7ektirmek isteyen vatanda\u015flar saatlerce bekleyerek uzun kuyruklar olu\u015fturdu.<\/p>\n<p>M\u00fc\u015fteri memnuniyetini her zaman birinci \u00f6ncelik olarak g\u00f6rd\u00fcklerini ifade eden market yetkilisi Necmi Akg\u00fcl, &#8220;Zonguldak halk\u0131 bizi 365 g\u00fcn boyunca tercih edip bizden etini, k\u0131ymas\u0131n\u0131 ve di\u011fer al\u0131\u015fveri\u015flerini yaparlar. Halk bizi tercih etti\u011fi i\u00e7in 365 g\u00fcn boyunca bu makineyi Zonguldak halk\u0131 \u00e7al\u0131\u015ft\u0131rmaktad\u0131r. Zonguldak halk\u0131 olmasa market sahibi makineyi 3 g\u00fcn \u00e7al\u0131\u015ft\u0131ramaz neden \u00e7\u00fcnk\u00fc halk\u0131n verdi\u011fi paralarla bu makine 365 g\u00fcn hizmet ediyor. Y\u0131lda bir kere kurban bayram\u0131nda 1 hafta boyunca da halk\u0131m\u0131za \u00fccretsiz k\u0131yma \u00e7ekerek halk\u0131m\u0131z\u0131n vermi\u015f oldu\u011funu bir nebzede olsa geri vermek mahiyetinde onlara k\u0131ymay\u0131 \u00e7ekmekteyiz. M\u00fc\u015fterilerimiz Kurban Bayram\u0131nda kendi k\u0131ymalar\u0131n\u0131n bedava \u00e7ekilmesi sebebiyle daha sonraki et, k\u0131yma ve di\u011fer al\u0131\u015fveri\u015flerinde bizi tercih etmekte neden kurbanda bunlar\u0131n etleriniz biz \u00e7ekmi\u015fiz. Zonguldak halk\u0131 kendine yap\u0131lan iyili\u011fi asla unutmaz. Kendilerine yap\u0131lan k\u00f6t\u00fcl\u00fc\u011f\u00fc de unutmaz. Bunu biz \u00e7ok iyi bildi\u011fimiz i\u00e7in halk\u0131m\u0131za Kurban Bayram\u0131nda 4 tane elaman ve 2 tane k\u0131yma makinesi ile hizmet etmekteyiz. \u015euana kadar 10 ton k\u0131yma \u00e7ekmi\u015fizdir&#8221; dedi.<\/p>\n<p>K\u0131yma \u00e7ektiren bir vatanda\u015f ise &#8220;Al\u0131\u015fveri\u015fimizi buradan yap\u0131yoruz. Ona kar\u015f\u0131l\u0131k \u00fccretsiz k\u0131yma \u00e7ektiriyor. Te\u015fekk\u00fcr ediyoruz&#8221; dedi.<\/p>\n","protected":false},"excerpt":{"rendered":"<p>ZONGULDAK&#8217;TA B\u0130R MARKET KURBAN BAYRAMI S\u00dcRES\u0130 VE SONRASI VATANDA\u015eLARIN KURBAN ETLER\u0130N\u0130 \u00dcCRETS\u0130Z OLARAK KIYMA \u00c7EK\u0130YOR. \u00dcCRETS\u0130Z KIYMA \u00c7EKT\u0130RMEK \u0130STEYEN VATANDA\u015eLAR DA KUYRUKTA BEKL\u0130YOR<\/p>\n","protected":false},"author":1,"featured_media":193117,"comment_status":"closed","ping_status":"open","sticky":false,"template":"","format":"standard","meta":{"jetpack_post_was_ever_published":false,"_jetpack_newsletter_access":"","_jetpack_dont_email_post_to_subs":false,"_jetpack_newsletter_tier_id":0,"_jetpack_memberships_contains_paywalled_content":false,"_jetpack_memberships_contains_paid_content":false,"footnotes":"","jetpack_publicize_message":"","jetpack_publicize_feature_enabled":true,"jetpack_social_post_already_shared":true,"jetpack_social_options":{"image_generator_settings":{"template":"highway","default_image_id":0,"font":"","enabled":false},"version":2}},"categories":[1],"tags":[10308,77,13652,324],"class_list":["post-193116","post","type-post","status-publish","format-standard","has-post-thumbnail","hentry","category-genel","tag-izdiham","tag-oldu","tag-olunca","tag-ucretsiz"],"jetpack_publicize_connections":[],"jetpack_featured_media_url":"https:\/\/i0.wp.com\/www.tvturk.com\/wp-content\/uploads\/2019\/08\/ucretsiz-olunca-izdiham-oldu_41214b3.jpg?fit=1000%2C664","jetpack_sharing_enabled":true,"jetpack_shortlink":"https:\/\/wp.me\/paKIfm-OeM","_links":{"self":[{"href":"http:\/\/www.tvturk.com\/index.php\/wp-json\/wp\/v2\/posts\/193116","targetHints":{"allow":["GET"]}}],"collection":[{"href":"http:\/\/www.tvturk.com\/index.php\/wp-json\/wp\/v2\/posts"}],"about":[{"href":"http:\/\/www.tvturk.com\/index.php\/wp-json\/wp\/v2\/types\/post"}],"author":[{"embeddable":true,"href":"http:\/\/www.tvturk.com\/index.php\/wp-json\/wp\/v2\/users\/1"}],"replies":[{"embeddable":true,"href":"http:\/\/www.tvturk.com\/index.php\/wp-json\/wp\/v2\/comments?post=193116"}],"version-history":[{"count":0,"href":"http:\/\/www.tvturk.com\/index.php\/wp-json\/wp\/v2\/posts\/193116\/revisions"}],"wp:featuredmedia":[{"embeddable":true,"href":"http:\/\/www.tvturk.com\/index.php\/wp-json\/wp\/v2\/media\/193117"}],"wp:attachment":[{"href":"http:\/\/www.tvturk.com\/index.php\/wp-json\/wp\/v2\/media?parent=193116"}],"wp:term":[{"taxonomy":"category","embeddable":true,"href":"http:\/\/www.tvturk.com\/index.php\/wp-json\/wp\/v2\/categories?post=193116"},{"taxonomy":"post_tag","embeddable":true,"href":"http:\/\/www.tvturk.com\/index.php\/wp-json\/wp\/v2\/tags?post=193116"}],"curies":[{"name":"wp","href":"https:\/\/api.w.org\/{rel}","templated":true}]}}