{"id":193120,"date":"2019-08-12T16:31:42","date_gmt":"2019-08-12T13:31:42","guid":{"rendered":"http:\/\/www.tvturk.com\/index.php\/bayramda-memleketlerine-gidemeyen-tatilciler-golcuke-akin-etti\/"},"modified":"2019-08-12T16:31:42","modified_gmt":"2019-08-12T13:31:42","slug":"bayramda-memleketlerine-gidemeyen-tatilciler-golcuke-akin-etti","status":"publish","type":"post","link":"http:\/\/www.tvturk.com\/index.php\/bayramda-memleketlerine-gidemeyen-tatilciler-golcuke-akin-etti\/","title":{"rendered":"Bayramda memleketlerine gidemeyen tatilciler G\u00f6lc\u00fck\u2019e ak\u0131n etti"},"content":{"rendered":"<p>Kurban Bayram\u0131 tatilinin k\u0131sa olmas\u0131 nedeniyle memleketlerine gidemeyen binlerce tatilci, do\u011fayla i\u00e7 i\u00e7e zaman ge\u00e7irebilmek i\u00e7in G\u00f6lc\u00fck Tabiat Park\u0131\u2019na ak\u0131n etti.<\/p>\n<p>T\u00fcrkiye\u2019nin g\u00f6zde turizm merkezlerinden biri olan G\u00f6lc\u00fck Tabiat Park\u0131 Kurban Bayram\u0131 tatilinde binlerce tatilcinin ak\u0131n\u0131na u\u011frad\u0131. Do\u011fal g\u00fczelli\u011fiyle yerli ve yabanc\u0131 turistlerin 4 mevsim ilgi oda\u011f\u0131 olan G\u00f6lc\u00fck Tabiat Park\u0131\u2019nda, memleketlerine gidemedikleri i\u00e7in tatillerini ye\u015filli\u011fin i\u00e7inde ge\u00e7irmek isteyen tatilciler g\u00f6l \u00e7evresinde tur atarak keyifli anlar ya\u015fad\u0131lar.<\/p>\n<p>G\u00f6l kenar\u0131nda bulunan iskelede hat\u0131ra foto\u011fraf\u0131 \u00e7ektiren tatilciler, kiralanabilen bisiklet ve golf arabalar\u0131yla da g\u00f6l \u00e7evresinde tur atarak temiz havan\u0131n tad\u0131n\u0131 \u00e7\u0131kard\u0131lar. \u0130stanbul\u2019da ya\u015fayan ve bayram tatilinin k\u0131sa olmas\u0131 nedeniyle memleketine gidemeyen Sel\u00e7uk Tekin, \u201cMemlekete gidemedi\u011fimiz i\u00e7in aradaki bo\u015flu\u011fu burada de\u011ferlendirmek istedik. 3-4 saatlik s\u00fcrede buraya vard\u0131k. Daha \u00f6nce de gelmi\u015ftim. O zaman karl\u0131yd\u0131, manzara \u00e7ok daha g\u00fczeldi. O zaman b\u00fcy\u00fclenmi\u015ftim ama \u015fimdi beklentimin alt\u0131nda kald\u0131. Ama havas\u0131 g\u00fczel. Orman\u0131n ortas\u0131nda. Artvin Karag\u00f6lde\u2019de benzer bir g\u00f6r\u00fcnt\u00fc vard\u0131. Suyun do\u011fayla i\u00e7 i\u00e7e olmas\u0131 g\u00fczel. Vakit ge\u00e7irmek i\u00e7in olduk\u00e7a iyi. Bolu zaten do\u011fas\u0131yla me\u015fhur. Burada bulundu\u011fumuz i\u00e7in mutluyuz\u201d dedi.<\/p>\n","protected":false},"excerpt":{"rendered":"<p>KURBAN BAYRAMI TAT\u0130L\u0130N\u0130N KISA OLMASI NEDEN\u0130YLE MEMLEKETLER\u0130NE G\u0130DEMEYEN B\u0130NLERCE TAT\u0130LC\u0130, DO\u011eAYLA \u0130\u00c7 \u0130\u00c7E ZAMAN GE\u00c7\u0130REB\u0130LMEK \u0130\u00c7\u0130N G\u00d6LC\u00dcK TAB\u0130AT PARKI\u2019NA AKIN ETT\u0130.<\/p>\n","protected":false},"author":1,"featured_media":193121,"comment_status":"closed","ping_status":"open","sticky":false,"template":"","format":"standard","meta":{"jetpack_post_was_ever_published":false,"_jetpack_newsletter_access":"","_jetpack_dont_email_post_to_subs":false,"_jetpack_newsletter_tier_id":0,"_jetpack_memberships_contains_paywalled_content":false,"_jetpack_memberships_contains_paid_content":false,"footnotes":"","jetpack_publicize_message":"","jetpack_publicize_feature_enabled":true,"jetpack_social_post_already_shared":true,"jetpack_social_options":{"image_generator_settings":{"template":"highway","default_image_id":0,"font":"","enabled":false},"version":2}},"categories":[1],"tags":[33880,328,207,48331,48332,32694,6295],"class_list":["post-193120","post","type-post","status-publish","format-standard","has-post-thumbnail","hentry","category-genel","tag-bayramda","tag-akin","tag-etti","tag-gidemeyen","tag-golcuke","tag-memleketlerine","tag-tatilciler"],"jetpack_publicize_connections":[],"jetpack_featured_media_url":"https:\/\/i0.wp.com\/www.tvturk.com\/wp-content\/uploads\/2019\/08\/bayramda-memleketlerine-gidemeyen-tatilciler-golcuke-akin-etti_3930a7b.jpg?fit=1000%2C666","jetpack_sharing_enabled":true,"jetpack_shortlink":"https:\/\/wp.me\/paKIfm-OeQ","_links":{"self":[{"href":"http:\/\/www.tvturk.com\/index.php\/wp-json\/wp\/v2\/posts\/193120","targetHints":{"allow":["GET"]}}],"collection":[{"href":"http:\/\/www.tvturk.com\/index.php\/wp-json\/wp\/v2\/posts"}],"about":[{"href":"http:\/\/www.tvturk.com\/index.php\/wp-json\/wp\/v2\/types\/post"}],"author":[{"embeddable":true,"href":"http:\/\/www.tvturk.com\/index.php\/wp-json\/wp\/v2\/users\/1"}],"replies":[{"embeddable":true,"href":"http:\/\/www.tvturk.com\/index.php\/wp-json\/wp\/v2\/comments?post=193120"}],"version-history":[{"count":0,"href":"http:\/\/www.tvturk.com\/index.php\/wp-json\/wp\/v2\/posts\/193120\/revisions"}],"wp:featuredmedia":[{"embeddable":true,"href":"http:\/\/www.tvturk.com\/index.php\/wp-json\/wp\/v2\/media\/193121"}],"wp:attachment":[{"href":"http:\/\/www.tvturk.com\/index.php\/wp-json\/wp\/v2\/media?parent=193120"}],"wp:term":[{"taxonomy":"category","embeddable":true,"href":"http:\/\/www.tvturk.com\/index.php\/wp-json\/wp\/v2\/categories?post=193120"},{"taxonomy":"post_tag","embeddable":true,"href":"http:\/\/www.tvturk.com\/index.php\/wp-json\/wp\/v2\/tags?post=193120"}],"curies":[{"name":"wp","href":"https:\/\/api.w.org\/{rel}","templated":true}]}}