{"id":193138,"date":"2019-08-12T17:31:23","date_gmt":"2019-08-12T14:31:23","guid":{"rendered":"http:\/\/www.tvturk.com\/index.php\/norvecte-camiye-saldiran-zanli-hakim-karsisinda\/"},"modified":"2019-08-12T17:31:23","modified_gmt":"2019-08-12T14:31:23","slug":"norvecte-camiye-saldiran-zanli-hakim-karsisinda","status":"publish","type":"post","link":"http:\/\/www.tvturk.com\/index.php\/norvecte-camiye-saldiran-zanli-hakim-karsisinda\/","title":{"rendered":"Norve\u00e7\u2019te camiye sald\u0131ran zanl\u0131 h\u00e2kim kar\u015f\u0131s\u0131nda"},"content":{"rendered":"<p>Norve\u00e7\u2019in ba\u015fkenti Oslo\u2019da bulunan El Nur Camisi\u2019ne sald\u0131ran Philip Manshaus, \u201ccinayet\u201d ve \u201cter\u00f6r\u201d su\u00e7lamas\u0131yla h\u00e2kim kar\u015f\u0131s\u0131na \u00e7\u0131kt\u0131.<\/p>\n<p>Norve\u00e7\u2019in ba\u015fkenti Oslo\u2019da bulunan El Nur Camisi\u2019ne sald\u0131ran Philip Manshaus, g\u00f6zalt\u0131na al\u0131nm\u0131\u015f, zanl\u0131n\u0131n evinde 17 ya\u015f\u0131ndaki k\u0131z karde\u015finin de cesedi bulunmu\u015ftu. Cami sald\u0131r\u0131s\u0131n\u0131, ter\u00f6r sald\u0131r\u0131s\u0131 kapsam\u0131nda de\u011ferlendiren adli makamlar, Manshaus\u2019u ayn\u0131 zamanda k\u0131z karde\u015fini \u00f6ld\u00fcrmekten yarg\u0131l\u0131yor. Manshaus, polis taraf\u0131ndan yap\u0131lan sorguda ter\u00f6r su\u00e7unu ve cinayeti reddetti. Savunma avukat\u0131 Unni Fries san\u0131k i\u00e7in \u201cPhilip Manshaus a\u00e7\u0131klama yap\u0131p ve yapmama hakk\u0131nda sahiptir. Ne yapaca\u011f\u0131n\u0131 s\u00f6ylemek i\u00e7in \u00e7ok erken\u201d dedi.<\/p>\n<p>Savc\u0131 sald\u0131rgan\u0131n tutukluluk s\u00fcresinin 4 g\u00fcn daha uzat\u0131lmas\u0131n\u0131 isterken \u015fahitlerin ifadelerinde Manshaus\u2019un t\u00fcfek ve tabancalarla camiye girerken giri\u015fteki cemaat taraf\u0131ndan durduruldu\u011funu kaydetti.<\/p>\n<p>Manshaus\u2019un, Oslo\u2019nun bat\u0131s\u0131nda varl\u0131kl\u0131 ailelerin oturdu\u011fu bir semt olan Baerum\u2019da b\u00fcy\u00fcd\u00fc\u011f\u00fc biliniyor. Manhaus\u2019un sadece 2018 y\u0131l\u0131nda 3 milyon Norve\u00e7 kronu (1 milyon 800 bin TL) kazand\u0131\u011f\u0131n\u0131 maliyeye bildirdi. Arkada\u015flar\u0131 Philip Manshaus\u2019un \u00e7ok konu\u015fkan ve herkese nazik davranan bir ki\u015fi oldu\u011funu s\u00f6yledi. Bir arkada\u015f\u0131 yerel bas\u0131na yapt\u0131\u011f\u0131 a\u00e7\u0131klamada, \u201cB\u00f6yle bir \u015fey yapaca\u011f\u0131n\u0131 d\u00fc\u015f\u00fcnemezdim. \u00c7ok ak\u0131ll\u0131 ve nazik bir ki\u015fiydi, s\u0131ra d\u0131\u015f\u0131 bir insan de\u011fildi\u201d dedi.<\/p>\n","protected":false},"excerpt":{"rendered":"<p>NORVE\u00c7\u2019\u0130N BA\u015eKENT\u0130 OSLO\u2019DA BULUNAN EL NUR CAM\u0130S\u0130NE SALDIRAN PH\u0130L\u0130P MANSHAUS, \u201cC\u0130NAYET\u201d VE \u201cTER\u00d6R\u201d SU\u00c7LAMASIYLA H\u00c2K\u0130M KAR\u015eISINA \u00c7IKTI.<\/p>\n","protected":false},"author":1,"featured_media":193139,"comment_status":"closed","ping_status":"open","sticky":false,"template":"","format":"standard","meta":{"jetpack_post_was_ever_published":false,"_jetpack_newsletter_access":"","_jetpack_dont_email_post_to_subs":false,"_jetpack_newsletter_tier_id":0,"_jetpack_memberships_contains_paywalled_content":false,"_jetpack_memberships_contains_paid_content":false,"footnotes":"","jetpack_publicize_message":"","jetpack_publicize_feature_enabled":true,"jetpack_social_post_already_shared":true,"jetpack_social_options":{"image_generator_settings":{"template":"highway","default_image_id":0,"font":"","enabled":false},"version":2}},"categories":[10],"tags":[7788,2544,10860,27505,26572,2483],"class_list":["post-193138","post","type-post","status-publish","format-standard","has-post-thumbnail","hentry","category-dunya","tag-camiye","tag-hakim","tag-karsisinda","tag-norvecte","tag-saldiran","tag-zanli"],"jetpack_publicize_connections":[],"jetpack_featured_media_url":"https:\/\/i0.wp.com\/www.tvturk.com\/wp-content\/uploads\/2019\/08\/norvecte-camiye-saldiran-zanli-hkim-karsisinda_c55b703.jpg?fit=1000%2C690","jetpack_sharing_enabled":true,"jetpack_shortlink":"https:\/\/wp.me\/paKIfm-Of8","_links":{"self":[{"href":"http:\/\/www.tvturk.com\/index.php\/wp-json\/wp\/v2\/posts\/193138","targetHints":{"allow":["GET"]}}],"collection":[{"href":"http:\/\/www.tvturk.com\/index.php\/wp-json\/wp\/v2\/posts"}],"about":[{"href":"http:\/\/www.tvturk.com\/index.php\/wp-json\/wp\/v2\/types\/post"}],"author":[{"embeddable":true,"href":"http:\/\/www.tvturk.com\/index.php\/wp-json\/wp\/v2\/users\/1"}],"replies":[{"embeddable":true,"href":"http:\/\/www.tvturk.com\/index.php\/wp-json\/wp\/v2\/comments?post=193138"}],"version-history":[{"count":0,"href":"http:\/\/www.tvturk.com\/index.php\/wp-json\/wp\/v2\/posts\/193138\/revisions"}],"wp:featuredmedia":[{"embeddable":true,"href":"http:\/\/www.tvturk.com\/index.php\/wp-json\/wp\/v2\/media\/193139"}],"wp:attachment":[{"href":"http:\/\/www.tvturk.com\/index.php\/wp-json\/wp\/v2\/media?parent=193138"}],"wp:term":[{"taxonomy":"category","embeddable":true,"href":"http:\/\/www.tvturk.com\/index.php\/wp-json\/wp\/v2\/categories?post=193138"},{"taxonomy":"post_tag","embeddable":true,"href":"http:\/\/www.tvturk.com\/index.php\/wp-json\/wp\/v2\/tags?post=193138"}],"curies":[{"name":"wp","href":"https:\/\/api.w.org\/{rel}","templated":true}]}}